{"id":11181,"date":"2021-07-26T11:35:39","date_gmt":"2021-07-26T10:35:39","guid":{"rendered":"https:\/\/www.rajapack.pt\/blog-pt\/?p=11181"},"modified":"2021-10-22T12:11:28","modified_gmt":"2021-10-22T11:11:28","slug":"5-principios-base-para-uma-embalagem-mais-sustentavel","status":"publish","type":"post","link":"https:\/\/www.rajapack.pt\/blog-pt\/ecologia\/5-principios-base-para-uma-embalagem-mais-sustentavel","title":{"rendered":"5 PRINC\u00cdPIOS BASE PARA UMA EMBALAGEM MAIS SUSTENT\u00c1VEL"},"content":{"rendered":"<p>Acima de tudo, a embalagem hoje em dia \u00e9 essencial para proteger, transportar e entregar todos os produtos em \u00f3timas condi\u00e7\u00f5es. Portanto, isso \u00e9 ineg\u00e1vel. Em suma, o crescimento de certas atividades, incluindo do e-commerce, tem contribu\u00eddo para um aumento exponencial nas embalagens que usamos. No entanto, o nosso desafio agora \u00e9 encontrar alternativas mais sustent\u00e1veis \u200b\u200bpara as nossas embalagens usuais.<\/p>\n<div id=\"ez-toc-container\" class=\"ez-toc-v2_0_67_1 counter-hierarchy ez-toc-counter ez-toc-grey ez-toc-container-direction\">\n<div class=\"ez-toc-title-container\">\n<p class=\"ez-toc-title \" >Table of Contents<\/p>\n<span class=\"ez-toc-title-toggle\"><a href=\"#\" class=\"ez-toc-pull-right ez-toc-btn ez-toc-btn-xs ez-toc-btn-default ez-toc-toggle\" aria-label=\"Toggle Table of Content\"><span class=\"ez-toc-js-icon-con\"><span class=\"\"><span class=\"eztoc-hide\" style=\"display:none;\">Toggle<\/span><span class=\"ez-toc-icon-toggle-span\"><svg style=\"fill: #999;color:#999\" xmlns=\"http:\/\/www.w3.org\/2000\/svg\" class=\"list-377408\" width=\"20px\" height=\"20px\" viewBox=\"0 0 24 24\" fill=\"none\"><path d=\"M6 6H4v2h2V6zm14 0H8v2h12V6zM4 11h2v2H4v-2zm16 0H8v2h12v-2zM4 16h2v2H4v-2zm16 0H8v2h12v-2z\" fill=\"currentColor\"><\/path><\/svg><svg style=\"fill: #999;color:#999\" class=\"arrow-unsorted-368013\" xmlns=\"http:\/\/www.w3.org\/2000\/svg\" width=\"10px\" height=\"10px\" viewBox=\"0 0 24 24\" version=\"1.2\" baseProfile=\"tiny\"><path d=\"M18.2 9.3l-6.2-6.3-6.2 6.3c-.2.2-.3.4-.3.7s.1.5.3.7c.2.2.4.3.7.3h11c.3 0 .5-.1.7-.3.2-.2.3-.5.3-.7s-.1-.5-.3-.7zM5.8 14.7l6.2 6.3 6.2-6.3c.2-.2.3-.5.3-.7s-.1-.5-.3-.7c-.2-.2-.4-.3-.7-.3h-11c-.3 0-.5.1-.7.3-.2.2-.3.5-.3.7s.1.5.3.7z\"\/><\/svg><\/span><\/span><\/span><\/a><\/span><\/div>\n<nav><ul class='ez-toc-list ez-toc-list-level-1 ' ><ul class='ez-toc-list-level-2' ><li class='ez-toc-heading-level-2'><a class=\"ez-toc-link ez-toc-heading-1\" href=\"https:\/\/www.rajapack.pt\/blog-pt\/ecologia\/5-principios-base-para-uma-embalagem-mais-sustentavel\/#Todos_nos_reconhecemos_a_utilidade_da_embalagem\" title=\"Todos n\u00f3s reconhecemos a utilidade da embalagem\">Todos n\u00f3s reconhecemos a utilidade da embalagem<\/a><\/li><\/ul><\/li><li class='ez-toc-page-1 ez-toc-heading-level-1'><a class=\"ez-toc-link ez-toc-heading-2\" href=\"https:\/\/www.rajapack.pt\/blog-pt\/ecologia\/5-principios-base-para-uma-embalagem-mais-sustentavel\/#Sabia_que_73_dos_consumidores_nao_querem_voltar_a_comprar_na_mesma_loja_se_a_encomenda_chegar_danificada_1\" title=\"Sabia que 73% dos consumidores n\u00e3o querem voltar a comprar na mesma loja se a encomenda chegar danificada? (1)\">Sabia que 73% dos consumidores n\u00e3o querem voltar a comprar na mesma loja se a encomenda chegar danificada? (1)<\/a><\/li><li class='ez-toc-page-1 ez-toc-heading-level-1'><a class=\"ez-toc-link ez-toc-heading-3\" href=\"https:\/\/www.rajapack.pt\/blog-pt\/ecologia\/5-principios-base-para-uma-embalagem-mais-sustentavel\/#Ou_que_66_dos_consumidores_consideram_que_a_embalagem_reflete_a_importancia_que_o_vendedor_da_aos_seus_clientes_e_as_suas_encomendas_2\" title=\"Ou que 66% dos consumidores consideram que a embalagem reflete a import\u00e2ncia que o vendedor d\u00e1 aos seus clientes e \u00e0s suas encomendas? (2)\">Ou que 66% dos consumidores consideram que a embalagem reflete a import\u00e2ncia que o vendedor d\u00e1 aos seus clientes e \u00e0s suas encomendas? (2)<\/a><ul class='ez-toc-list-level-2' ><li class='ez-toc-heading-level-2'><a class=\"ez-toc-link ez-toc-heading-4\" href=\"https:\/\/www.rajapack.pt\/blog-pt\/ecologia\/5-principios-base-para-uma-embalagem-mais-sustentavel\/#_O_desafio_atual_e_embalar_de_uma_forma_mais_Eco-Responsavel\" title=\"\u00a0O desafio atual \u00e9 embalar de uma forma mais Eco-Respons\u00e1vel\">\u00a0O desafio atual \u00e9 embalar de uma forma mais Eco-Respons\u00e1vel<\/a><\/li><\/ul><\/li><li class='ez-toc-page-1 ez-toc-heading-level-1'><a class=\"ez-toc-link ez-toc-heading-5\" href=\"https:\/\/www.rajapack.pt\/blog-pt\/ecologia\/5-principios-base-para-uma-embalagem-mais-sustentavel\/#51_dos_consumidores_Espanhois_questionados_compram_embalagens_Eco-Responsaveis_3\" title=\"51% dos consumidores Espanh\u00f3is questionados compram embalagens Eco-Respons\u00e1veis (3)\">51% dos consumidores Espanh\u00f3is questionados compram embalagens Eco-Respons\u00e1veis (3)<\/a><ul class='ez-toc-list-level-2' ><li class='ez-toc-heading-level-2'><a class=\"ez-toc-link ez-toc-heading-6\" href=\"https:\/\/www.rajapack.pt\/blog-pt\/ecologia\/5-principios-base-para-uma-embalagem-mais-sustentavel\/#Cinco_principios_para_embalar_de_fuma_forma_mais_sustentavel\" title=\"Cinco princ\u00edpios para embalar de fuma forma mais sustent\u00e1vel\">Cinco princ\u00edpios para embalar de fuma forma mais sustent\u00e1vel<\/a><\/li><li class='ez-toc-page-1 ez-toc-heading-level-2'><a class=\"ez-toc-link ez-toc-heading-7\" href=\"https:\/\/www.rajapack.pt\/blog-pt\/ecologia\/5-principios-base-para-uma-embalagem-mais-sustentavel\/#%E2%96%BA_1-_Reduzir_o_consumo_das_embalagens\" title=\"\u25ba 1- Reduzir o consumo das embalagens\">\u25ba 1- Reduzir o consumo das embalagens<\/a><\/li><li class='ez-toc-page-1 ez-toc-heading-level-2'><a class=\"ez-toc-link ez-toc-heading-8\" href=\"https:\/\/www.rajapack.pt\/blog-pt\/ecologia\/5-principios-base-para-uma-embalagem-mais-sustentavel\/#%E2%96%BA_2-_Reutilizar\" title=\"\u25ba 2- Reutilizar\">\u25ba 2- Reutilizar<\/a><\/li><li class='ez-toc-page-1 ez-toc-heading-level-2'><a class=\"ez-toc-link ez-toc-heading-9\" href=\"https:\/\/www.rajapack.pt\/blog-pt\/ecologia\/5-principios-base-para-uma-embalagem-mais-sustentavel\/#%E2%96%BA_3-_Repor\" title=\"\u25ba 3- Repor\">\u25ba 3- Repor<\/a><\/li><li class='ez-toc-page-1 ez-toc-heading-level-2'><a class=\"ez-toc-link ez-toc-heading-10\" href=\"https:\/\/www.rajapack.pt\/blog-pt\/ecologia\/5-principios-base-para-uma-embalagem-mais-sustentavel\/#Embalagem_para_alimentos_Chega_de_plasticos\" title=\"Embalagem para alimentos. Chega de pl\u00e1sticos!\">Embalagem para alimentos. Chega de pl\u00e1sticos!<\/a><\/li><li class='ez-toc-page-1 ez-toc-heading-level-2'><a class=\"ez-toc-link ez-toc-heading-11\" href=\"https:\/\/www.rajapack.pt\/blog-pt\/ecologia\/5-principios-base-para-uma-embalagem-mais-sustentavel\/#Precisa_de_sacos_de_plastico_Que_sejam_reciclados\" title=\"Precisa de sacos de pl\u00e1stico? Que sejam reciclados!\">Precisa de sacos de pl\u00e1stico? Que sejam reciclados!<\/a><\/li><li class='ez-toc-page-1 ez-toc-heading-level-2'><a class=\"ez-toc-link ez-toc-heading-12\" href=\"https:\/\/www.rajapack.pt\/blog-pt\/ecologia\/5-principios-base-para-uma-embalagem-mais-sustentavel\/#%E2%96%BA_4-_Renovar\" title=\"\u25ba 4- Renovar\">\u25ba 4- Renovar<\/a><\/li><li class='ez-toc-page-1 ez-toc-heading-level-2'><a class=\"ez-toc-link ez-toc-heading-13\" href=\"https:\/\/www.rajapack.pt\/blog-pt\/ecologia\/5-principios-base-para-uma-embalagem-mais-sustentavel\/#_%E2%96%BA_5-_Reciclar\" title=\"\u00a0\u25ba 5- Reciclar\">\u00a0\u25ba 5- Reciclar<\/a><\/li><\/ul><\/li><\/ul><\/nav><\/div>\n<h2><span class=\"ez-toc-section\" id=\"Todos_nos_reconhecemos_a_utilidade_da_embalagem\"><\/span><strong>Todos n\u00f3s reconhecemos a utilidade da embalagem<\/strong><span class=\"ez-toc-section-end\"><\/span><\/h2>\n<p>Por exemplo, \u00e9 claro que a embalagem desempenha uma fun\u00e7\u00e3o essencial na prote\u00e7\u00e3o e no transporte dos produtos. E, da mesma forma, todos estamos atentos \u00e0 rece\u00e7\u00e3o das nossas encomendas e ao estado em que o seu conte\u00fado chega at\u00e9 n\u00f3s.<\/p>\n<h1><span class=\"ez-toc-section\" id=\"Sabia_que_73_dos_consumidores_nao_querem_voltar_a_comprar_na_mesma_loja_se_a_encomenda_chegar_danificada_1\"><\/span><strong>Sabia que 73% dos consumidores n\u00e3o querem voltar a comprar na mesma loja se a encomenda chegar danificada? (1)<\/strong><span class=\"ez-toc-section-end\"><\/span><\/h1>\n<h1><span class=\"ez-toc-section\" id=\"Ou_que_66_dos_consumidores_consideram_que_a_embalagem_reflete_a_importancia_que_o_vendedor_da_aos_seus_clientes_e_as_suas_encomendas_2\"><\/span><strong>Ou que 66% dos consumidores consideram que a embalagem reflete a import\u00e2ncia que o vendedor d\u00e1 aos seus clientes e \u00e0s suas encomendas? (2)<\/strong><span class=\"ez-toc-section-end\"><\/span><\/h1>\n<h2><span class=\"ez-toc-section\" id=\"_O_desafio_atual_e_embalar_de_uma_forma_mais_Eco-Responsavel\"><\/span><strong>\u00a0<\/strong><strong>O desafio atual \u00e9 embalar de uma forma mais Eco-Respons\u00e1vel<\/strong><span class=\"ez-toc-section-end\"><\/span><\/h2>\n<p>Em suma: os consumidores est\u00e3o cada vez mais focados nos desafios ambientais. Rejeitam o excesso de embalagens e s\u00e3o, cada vez mais, as pessoas que fazem reciclagem. Assim, as embalagens devem de ser vistas de uma outra forma: reduzir o consumo de mat\u00e9rias-primas, fazendo uso de materiais renov\u00e1veis \u200b\u200bou reciclados, e ser recicl\u00e1veis.<\/p>\n<h1><span class=\"ez-toc-section\" id=\"51_dos_consumidores_Espanhois_questionados_compram_embalagens_Eco-Responsaveis_3\"><\/span><strong>51% dos consumidores Espanh\u00f3is questionados compram embalagens Eco-Respons\u00e1veis (3)<\/strong><span class=\"ez-toc-section-end\"><\/span><\/h1>\n<h2><span class=\"ez-toc-section\" id=\"Cinco_principios_para_embalar_de_fuma_forma_mais_sustentavel\"><\/span><strong>Cinco princ\u00edpios para embalar de fuma forma mais sustent\u00e1vel<\/strong><span class=\"ez-toc-section-end\"><\/span><\/h2>\n<p>O tempo da economia circular que consistia em &#8211; extrair, fabricar, consumir e mandar para o lixo &#8211; acabou! Portanto, vemo-nos envolvidos num modelo circular que visa reduzir o nosso impacto no meio ambiente. <strong>Reduza, Reutilize, Reponha, Renove e Recicle. S\u00e3o os 5-R&#8217;s da embalagem!<\/strong><\/p>\n<p><img loading=\"lazy\" decoding=\"async\" class=\"wp-image-11183 size-full aligncenter\" src=\"https:\/\/www.rajapack.pt\/blog-pt\/wp-content\/uploads\/2021\/07\/principios-base-embalagem-sustentavel-2.png\" alt=\"\" width=\"600\" height=\"600\" srcset=\"https:\/\/www.rajapack.pt\/blog-pt\/wp-content\/uploads\/2021\/07\/principios-base-embalagem-sustentavel-2.png 600w, https:\/\/www.rajapack.pt\/blog-pt\/wp-content\/uploads\/2021\/07\/principios-base-embalagem-sustentavel-2-430x430.png 430w, https:\/\/www.rajapack.pt\/blog-pt\/wp-content\/uploads\/2021\/07\/principios-base-embalagem-sustentavel-2-150x150.png 150w, https:\/\/www.rajapack.pt\/blog-pt\/wp-content\/uploads\/2021\/07\/principios-base-embalagem-sustentavel-2-120x120.png 120w, https:\/\/www.rajapack.pt\/blog-pt\/wp-content\/uploads\/2021\/07\/principios-base-embalagem-sustentavel-2-225x225.png 225w, https:\/\/www.rajapack.pt\/blog-pt\/wp-content\/uploads\/2021\/07\/principios-base-embalagem-sustentavel-2-100x100.png 100w\" sizes=\"(max-width: 600px) 100vw, 600px\" \/><\/p>\n<h2><span class=\"ez-toc-section\" id=\"%E2%96%BA_1-_Reduzir_o_consumo_das_embalagens\"><\/span><strong>\u25ba 1- Reduzir o consumo das embalagens<\/strong><span class=\"ez-toc-section-end\"><\/span><\/h2>\n<p>\u00c9, acima de tudo, poss\u00edvel conseguirmos reduzir a quantidade necess\u00e1ria do peso e do volume, da embalagem, para proteger os produtos, sem que haja um uso excessivo.<\/p>\n<p>No entanto, como conseguir isso na pr\u00e1tica? Por exemplo: <a href=\"https:\/\/www.rajapack.pt\/caixas-cartao-contentores-caixas-postais\/caixas-cartao-altura-variavel-paletizaveis-especificas\/caixas-cartao-telescopicas-altura-variavel\/caixa-variabox-eco_OFF_ES_0345.html\">a caixa de altura vari\u00e1vel <\/a>\u00e9 muito pr\u00e1tica. Possui pr\u00e9-cortes para adaptar a caixa \u00e0 altura dos seus produtos, at\u00e9 11 alturas em alguns formatos. Da mesma forma, essas caixas s\u00e3o especialmente \u00fateis se estiver a enviar produtos de tamanhos ligeiramente diferentes. O resultado? Em suma, caixas mais compactas com menos material de enchimento e menos fita.<\/p>\n<p><a href=\"https:\/\/www.rajapack.pt\/caixas-cartao-contentores-caixas-postais\/caixas-cartao-altura-variavel-paletizaveis-especificas\/caixas-cartao-telescopicas-altura-variavel\/caixa-variabox-eco_OFF_ES_0345.html\"><img loading=\"lazy\" decoding=\"async\" class=\"wp-image-11184 size-full aligncenter\" src=\"https:\/\/www.rajapack.pt\/blog-pt\/wp-content\/uploads\/2021\/07\/principios-base-embalagem-sustentavel-9.jpg\" alt=\"\" width=\"885\" height=\"337\" srcset=\"https:\/\/www.rajapack.pt\/blog-pt\/wp-content\/uploads\/2021\/07\/principios-base-embalagem-sustentavel-9.jpg 885w, https:\/\/www.rajapack.pt\/blog-pt\/wp-content\/uploads\/2021\/07\/principios-base-embalagem-sustentavel-9-430x164.jpg 430w, https:\/\/www.rajapack.pt\/blog-pt\/wp-content\/uploads\/2021\/07\/principios-base-embalagem-sustentavel-9-768x292.jpg 768w, https:\/\/www.rajapack.pt\/blog-pt\/wp-content\/uploads\/2021\/07\/principios-base-embalagem-sustentavel-9-375x143.jpg 375w\" sizes=\"(max-width: 885px) 100vw, 885px\" \/><\/a><\/p>\n<h2><span class=\"ez-toc-section\" id=\"%E2%96%BA_2-_Reutilizar\"><\/span><strong>\u25ba 2- Reutilizar<\/strong><span class=\"ez-toc-section-end\"><\/span><\/h2>\n<p>Na RAJA propomos, sempre que poss\u00edvel, embalagens que possam ser reaproveitadas.<\/p>\n<p>Algumas foram desenvolvidas para satisfazer os seus clientes e outras, acima de tudo, para resistir a muitas altera\u00e7\u00f5es sem que se estragassem.<\/p>\n<p><a href=\"https:\/\/www.rajapack.pt\/envelopes-tubos-para-envios\/envelopes-almofadados\/envelopes-almofadados-de-papel_C201030.html\"><img loading=\"lazy\" decoding=\"async\" class=\"alignnone wp-image-11185\" src=\"https:\/\/www.rajapack.pt\/blog-pt\/wp-content\/uploads\/2021\/07\/principios-base-embalagem-sustentavel-6.jpg\" alt=\"\" width=\"195\" height=\"193\" srcset=\"https:\/\/www.rajapack.pt\/blog-pt\/wp-content\/uploads\/2021\/07\/principios-base-embalagem-sustentavel-6.jpg 318w, https:\/\/www.rajapack.pt\/blog-pt\/wp-content\/uploads\/2021\/07\/principios-base-embalagem-sustentavel-6-120x120.jpg 120w, https:\/\/www.rajapack.pt\/blog-pt\/wp-content\/uploads\/2021\/07\/principios-base-embalagem-sustentavel-6-227x225.jpg 227w, https:\/\/www.rajapack.pt\/blog-pt\/wp-content\/uploads\/2021\/07\/principios-base-embalagem-sustentavel-6-100x100.jpg 100w\" sizes=\"(max-width: 195px) 100vw, 195px\" \/><\/a><a href=\"https:\/\/www.rajapack.pt\/envelopes-tubos-para-envios\/envelopes-papel-para-correspondencia\/envelopes-papel-kraft\/envelope-kraft-dupla-banda-adesiva_OFF_ES_00795.html\"><img loading=\"lazy\" decoding=\"async\" class=\"alignnone wp-image-11187 \" src=\"https:\/\/www.rajapack.pt\/blog-pt\/wp-content\/uploads\/2021\/07\/principios-base-embalagem-sustentavel-13-1.jpg\" alt=\"\" width=\"155\" height=\"155\" srcset=\"https:\/\/www.rajapack.pt\/blog-pt\/wp-content\/uploads\/2021\/07\/principios-base-embalagem-sustentavel-13-1.jpg 305w, https:\/\/www.rajapack.pt\/blog-pt\/wp-content\/uploads\/2021\/07\/principios-base-embalagem-sustentavel-13-1-150x150.jpg 150w, https:\/\/www.rajapack.pt\/blog-pt\/wp-content\/uploads\/2021\/07\/principios-base-embalagem-sustentavel-13-1-120x120.jpg 120w, https:\/\/www.rajapack.pt\/blog-pt\/wp-content\/uploads\/2021\/07\/principios-base-embalagem-sustentavel-13-1-225x225.jpg 225w, https:\/\/www.rajapack.pt\/blog-pt\/wp-content\/uploads\/2021\/07\/principios-base-embalagem-sustentavel-13-1-100x100.jpg 100w\" sizes=\"(max-width: 155px) 100vw, 155px\" \/><\/a><\/p>\n<p><strong>As embalagens de &#8220;ida e<\/strong> <strong>volta&#8221;,<\/strong> por exemplo, foram desenvolvidas desde a sua origem para serem reaproveitadas,<a href=\"https:\/\/www.rajapack.pt\/envelopes-tubos-para-envios\/envelopes-almofadados\/envelopes-almofadados-papel-jiffy_OFF_ES_00796.html\"> os envelopes almofadados de papel Jiffy Green<\/a>, <a href=\"https:\/\/www.rajapack.pt\/equipamento-para-armazem-seguranca\/gavetas-armazenamento-caixas-plastico-empilhaveis\/contentores-plastico\/caixa-plastico-encaixavel-tampa-colorida_OFF_ES_0727.html\">os contentores pl\u00e1sticos recicl\u00e1veis<\/a> \u200b\u200bou <a href=\"https:\/\/www.rajapack.pt\/filme-paletizacao\/paletes-acessorios-paletizacao\/paletes-plastico\/palete-plastico-encaixavel_PDT00536.html\">as paletes de pl\u00e1stico encaix\u00e1veis \u200b\u200b100% recicladas<\/a> seguem esta l\u00f3gica de reaproveitamento e maior durabilidade.<\/p>\n<h2><span class=\"ez-toc-section\" id=\"%E2%96%BA_3-_Repor\"><\/span><strong>\u25ba 3- Repor<\/strong><span class=\"ez-toc-section-end\"><\/span><\/h2>\n<p>Para preservar o nosso planeta, devemos de substituir embalagens de alto impacto ambiental ou n\u00e3o recicl\u00e1veis \u200b\u200bpor alternativas mais Eco-Respons\u00e1veis.<\/p>\n<p>Trabalhamos em estreita colabora\u00e7\u00e3o com os nossos fornecedores para lhe oferecer uma gama de <a href=\"https:\/\/www.rajapack.pt\/embalagem-ecologica_cms_000109.html\">embalagens Eco-Respons\u00e1veis<\/a> \u200b\u200bcom a mesma qualidade de prote\u00e7\u00e3o e atendendo a todas as suas necessidades.<\/p>\n<p>Por exemplo, em vez de usar cantos de poliestireno, experimente os <a href=\"https:\/\/www.rajapack.pt\/filme-paletizacao\/paletes-acessorios-paletizacao\/cantoneiras-cantos-protecao-para-paletes\/canto-protecao-cartao_PDT00398.html\">cantos de cart\u00e3o 100% reciclados<\/a>, pois s\u00e3o ecol\u00f3gicos para o meio ambiente, pr\u00e1ticos, resistentes e protegem contra os eventuais choques.<\/p>\n<p><a href=\"https:\/\/www.rajapack.pt\/filme-paletizacao\/paletes-acessorios-paletizacao\/cantoneiras-cantos-protecao-para-paletes\/canto-protecao-cartao_PDT00398.html\"><img loading=\"lazy\" decoding=\"async\" class=\"wp-image-11188 aligncenter\" src=\"https:\/\/www.rajapack.pt\/blog-pt\/wp-content\/uploads\/2021\/07\/principios-base-embalagem-sustentavel-1.jpg\" alt=\"\" width=\"450\" height=\"111\" srcset=\"https:\/\/www.rajapack.pt\/blog-pt\/wp-content\/uploads\/2021\/07\/principios-base-embalagem-sustentavel-1.jpg 790w, https:\/\/www.rajapack.pt\/blog-pt\/wp-content\/uploads\/2021\/07\/principios-base-embalagem-sustentavel-1-430x106.jpg 430w, https:\/\/www.rajapack.pt\/blog-pt\/wp-content\/uploads\/2021\/07\/principios-base-embalagem-sustentavel-1-768x190.jpg 768w, https:\/\/www.rajapack.pt\/blog-pt\/wp-content\/uploads\/2021\/07\/principios-base-embalagem-sustentavel-1-375x93.jpg 375w\" sizes=\"(max-width: 450px) 100vw, 450px\" \/><\/a><\/p>\n<h2><span class=\"ez-toc-section\" id=\"Embalagem_para_alimentos_Chega_de_plasticos\"><\/span><strong>Embalagem para alimentos. Chega de pl\u00e1sticos!<\/strong><span class=\"ez-toc-section-end\"><\/span><\/h2>\n<p>Na RAJA, substitu\u00edmos todas as embalagens de pl\u00e1stico, <a href=\"https:\/\/www.rajapack.pt\/embalagem-alimentar\/embalagem-alimentar-eco-responsavel_C8560.html\">para alimentos<\/a>, por embalagens de cart\u00e3o ou madeira. Alguns exemplos:<\/p>\n<p><a href=\"https:\/\/www.rajapack.pt\/embalagem-alimentar\/louca-talheres-toalhas-descartaveis\/pratos-talheres-descartaveis\/talheres-madeira_OFF_ES_00802.html\"><img loading=\"lazy\" decoding=\"async\" class=\"alignnone wp-image-11189 \" src=\"https:\/\/www.rajapack.pt\/blog-pt\/wp-content\/uploads\/2021\/07\/principios-base-embalagem-sustentavel-4.jpg\" alt=\"\" width=\"134\" height=\"140\" srcset=\"https:\/\/www.rajapack.pt\/blog-pt\/wp-content\/uploads\/2021\/07\/principios-base-embalagem-sustentavel-4.jpg 306w, https:\/\/www.rajapack.pt\/blog-pt\/wp-content\/uploads\/2021\/07\/principios-base-embalagem-sustentavel-4-217x225.jpg 217w\" sizes=\"(max-width: 134px) 100vw, 134px\" \/><\/a><a href=\"https:\/\/www.rajapack.pt\/embalagem-alimentar\/louca-talheres-toalhas-descartaveis\/copos-descartaveis\/copo-cartao_OFF_ES_00800.html\"><img loading=\"lazy\" decoding=\"async\" class=\"alignnone wp-image-11190\" src=\"https:\/\/www.rajapack.pt\/blog-pt\/wp-content\/uploads\/2021\/07\/principios-base-embalagem-sustentavel-12.jpg\" alt=\"\" width=\"119\" height=\"124\" srcset=\"https:\/\/www.rajapack.pt\/blog-pt\/wp-content\/uploads\/2021\/07\/principios-base-embalagem-sustentavel-12.jpg 287w, https:\/\/www.rajapack.pt\/blog-pt\/wp-content\/uploads\/2021\/07\/principios-base-embalagem-sustentavel-12-216x225.jpg 216w\" sizes=\"(max-width: 119px) 100vw, 119px\" \/><\/a><a href=\"https:\/\/www.rajapack.pt\/embalagem-alimentar\/louca-talheres-toalhas-descartaveis\/pratos-talheres-descartaveis\/prato-cartao-branco_OFF_ES_00799.html\"><img loading=\"lazy\" decoding=\"async\" class=\"alignnone wp-image-11193\" src=\"https:\/\/www.rajapack.pt\/blog-pt\/wp-content\/uploads\/2021\/07\/principios-base-embalagem-sustentavel-5-2-291x300.jpg\" alt=\"\" width=\"120\" height=\"123\" \/><\/a><\/p>\n<h2><span class=\"ez-toc-section\" id=\"Precisa_de_sacos_de_plastico_Que_sejam_reciclados\"><\/span><strong>Precisa de sacos de pl\u00e1stico? Que sejam reciclados!<\/strong><span class=\"ez-toc-section-end\"><\/span><\/h2>\n<p>Uma solu\u00e7\u00e3o mais Eco-Respons\u00e1vel que os sacos de pl\u00e1stico s\u00e3o os <a href=\"https:\/\/www.rajapack.pt\/sacos-acondicionamentos\/sacos-plastico-para-acondicionamento\/sacos-plastico-sem-fecho\/saco-plastico-50-micrones-ecologico_OFF_ES_00797.html?SearchCat=suggested&amp;SearchQuery=OFF_ES_00797\">sacos de pl\u00e1stico 100% reciclados.<\/a><\/p>\n<p><a href=\"https:\/\/www.rajapack.pt\/sacos-acondicionamentos\/mangas-plasticas-maquinas-selar\/mangas-plasticas-desenroladores\/manga-plastica-transparente-100-micrones-100-reciclada_OFF_ES_1022.html\"><img loading=\"lazy\" decoding=\"async\" class=\"alignnone wp-image-11194 \" src=\"https:\/\/www.rajapack.pt\/blog-pt\/wp-content\/uploads\/2021\/07\/principios-base-embalagem-sustentavel-10.jpg\" alt=\"\" width=\"155\" height=\"164\" srcset=\"https:\/\/www.rajapack.pt\/blog-pt\/wp-content\/uploads\/2021\/07\/principios-base-embalagem-sustentavel-10.jpg 306w, https:\/\/www.rajapack.pt\/blog-pt\/wp-content\/uploads\/2021\/07\/principios-base-embalagem-sustentavel-10-213x225.jpg 213w\" sizes=\"(max-width: 155px) 100vw, 155px\" \/><\/a><a href=\"https:\/\/www.rajapack.pt\/sacos-acondicionamentos\/sacos-plastico-para-acondicionamento\/sacos-plastico-sem-fecho\/saco-plastico-50-micrones-ecologico_OFF_ES_00797.html?SearchCat=suggested&amp;SearchQuery=OFF_ES_00797\"><img loading=\"lazy\" decoding=\"async\" class=\"alignnone wp-image-11195\" src=\"https:\/\/www.rajapack.pt\/blog-pt\/wp-content\/uploads\/2021\/07\/principios-base-embalagem-sustentavel-11-300x297.jpg\" alt=\"\" width=\"162\" height=\"160\" \/><\/a><\/p>\n<h2><span class=\"ez-toc-section\" id=\"%E2%96%BA_4-_Renovar\"><\/span><strong>\u25ba 4- Renovar<\/strong><span class=\"ez-toc-section-end\"><\/span><\/h2>\n<p>O uso de embalagens de base biol\u00f3gica, ou seja, feitas de mat\u00e9rias-primas renov\u00e1veis, ajuda a reduzir o impacto ambiental.<\/p>\n<p>A celulose, mat\u00e9ria-prima e o principal material das nossas embalagens de cart\u00e3o e papel, \u00e9 produzida com 70% da madeira. Essa madeira \u00e9, portanto, proveniente da extra\u00e7\u00e3o do saneamento, necess\u00e1ria para a manuten\u00e7\u00e3o das florestas, os 30% restantes s\u00e3o provenientes da madeira que cai e \u00e9 recuperada. (fonte: Ecofolio).<\/p>\n<p>Sempre que poss\u00edvel, usamos mat\u00e9rias-primas recicladas.<\/p>\n<p><strong>Na RAJA, 1 465 produtos s\u00e3o feitos de materiais renov\u00e1veis \u200b\u200be, melhor ainda, 1 000 produtos cont\u00eam materiais reciclados.<\/strong><\/p>\n<h2><span class=\"ez-toc-section\" id=\"_%E2%96%BA_5-_Reciclar\"><\/span><strong>\u00a0<\/strong><strong>\u25ba 5- Reciclar<\/strong><span class=\"ez-toc-section-end\"><\/span><\/h2>\n<p>Para avan\u00e7ar para uma economia circular, \u00e9 necess\u00e1rio desenvolver um processo de reciclagem que ofere\u00e7a uma segunda vida \u00e0s nossas embalagens. Portanto, \u00e9 essencial:<\/p>\n<ul>\n<li>Multiplicar as embalagens recicl\u00e1veis;<\/li>\n<li>Incentivar a recolha seletiva para que os produtos sejam realmente reciclados;<\/li>\n<li>Reutilizar as mat\u00e9rias-primas.<\/li>\n<\/ul>\n<p><strong>O cart\u00e3o \u00e9 um material Eco-Respons\u00e1vel, 100% renov\u00e1vel, 100% recicl\u00e1vel, 92% reciclado e 100% biodegrad\u00e1vel.<\/strong><\/p>\n<p><strong>Mas ainda temos um longo caminho pela frente quando o tema \u00e9 a reciclagem do pl\u00e1stico.<\/strong> 20% dos produtos pl\u00e1sticos foram reciclados em 2013 (4). A meta \u00e9 de 80% at\u00e9 2030 (5). Hoje em dia, alguns pl\u00e1sticos s\u00e3o recicl\u00e1veis \u200b\u200bpor todos, outros somente ap\u00f3s a recolha seletiva nas empresas.<\/p>\n<p>Mais informa\u00e7\u00f5es sobre a reciclagem em: <a href=\"https:\/\/www.rajapack.pt\/meio-ambiente\">rajapack.pt\/compromisso-meio-ambiente<\/a><\/p>\n<p>As embalagens e o meio ambiente constituem dois desafios estrat\u00e9gicos para o Grupo RAJA. Cuidamos da distribui\u00e7\u00e3o, bem como do papel que a embalagem desempenha na prote\u00e7\u00e3o e no transporte dos seus produtos. Unimo-nos de forma ativa e sustent\u00e1vel para reduzir o nosso impacto no meio ambiente.<\/p>\n<p><a href=\"https:\/\/www.rajapack.pt\/pages-catalogue-interactif\/catalogo-general\/index.html\"><img loading=\"lazy\" decoding=\"async\" class=\"wp-image-11196 alignleft\" src=\"https:\/\/www.rajapack.pt\/blog-pt\/wp-content\/uploads\/2021\/07\/principios-base-embalagem-sustentavel-8.png\" alt=\"\" width=\"160\" height=\"153\" srcset=\"https:\/\/www.rajapack.pt\/blog-pt\/wp-content\/uploads\/2021\/07\/principios-base-embalagem-sustentavel-8.png 275w, https:\/\/www.rajapack.pt\/blog-pt\/wp-content\/uploads\/2021\/07\/principios-base-embalagem-sustentavel-8-236x225.png 236w\" sizes=\"(max-width: 160px) 100vw, 160px\" \/><\/a><\/p>\n<p>Descubra no nosso <a href=\"https:\/\/www.rajapack.pt\/pages-catalogue-interactif\/catalogo-general\/index.html\">cat\u00e1logo<\/a>\u00a0a nossa gama de embalagens <a href=\"https:\/\/www.rajapack.pt\/embalagem-ecologica_cms_000109.html\">Eco-Respons\u00e1veis.<\/a> Encontrar\u00e1 solu\u00e7\u00f5es alternativas nas embalagens de cart\u00e3o ou pl\u00e1stico reciclado, fabricadas com materiais renov\u00e1veis \u200b\u200bou reutiliz\u00e1veis.<\/p>\n","protected":false},"excerpt":{"rendered":"<p>Acima de tudo, a embalagem hoje em dia \u00e9 essencial para proteger, transportar e entregar todos os produtos em \u00f3timas condi\u00e7\u00f5es. Portanto, isso \u00e9 ineg\u00e1vel. Em suma, o crescimento de [&#8230;]<\/p>\n","protected":false},"author":79,"featured_media":11182,"comment_status":"open","ping_status":"open","sticky":false,"template":"","format":"standard","meta":{"_acf_changed":false,"footnotes":""},"categories":[558],"tags":[561,551],"class_list":["post-11181","post","type-post","status-publish","format-standard","has-post-thumbnail","hentry","category-ecologia","tag-e-commerce","tag-embalagens"],"acf":[],"yoast_head":"\n<title>5 PRINC\u00cdPIOS BASE PARA UMA EMBALAGEM MAIS SUSTENT\u00c1VEL<\/title>\n<meta name=\"description\" content=\"Embale de uma forma mais sustent\u00e1vel com os 5 R&#039;s da embalagem: Reduza, Reutilize, Reponha, Renove e Recicle!\" \/>\n<meta name=\"robots\" content=\"index, follow, max-snippet:-1, max-image-preview:large, max-video-preview:-1\" \/>\n<link rel=\"canonical\" href=\"https:\/\/www.rajapack.pt\/blog-pt\/ecologia\/5-principios-base-para-uma-embalagem-mais-sustentavel\" \/>\n<meta property=\"og:locale\" content=\"pt_PT\" \/>\n<meta property=\"og:type\" content=\"article\" \/>\n<meta property=\"og:title\" content=\"5 PRINC\u00cdPIOS BASE PARA UMA EMBALAGEM MAIS SUSTENT\u00c1VEL\" \/>\n<meta property=\"og:description\" content=\"Embale de uma forma mais sustent\u00e1vel com os 5 R&#039;s da embalagem: Reduza, Reutilize, Reponha, Renove e Recicle!\" \/>\n<meta property=\"og:url\" content=\"https:\/\/www.rajapack.pt\/blog-pt\/ecologia\/5-principios-base-para-uma-embalagem-mais-sustentavel\" \/>\n<meta property=\"og:site_name\" content=\"Tudo para embalagem | Rajapack\" \/>\n<meta property=\"article:published_time\" content=\"2021-07-26T10:35:39+00:00\" \/>\n<meta property=\"article:modified_time\" content=\"2021-10-22T11:11:28+00:00\" \/>\n<meta property=\"og:image\" content=\"https:\/\/www.rajapack.pt\/blog-pt\/wp-content\/uploads\/2021\/07\/principios-base-embalagem-sustentavel-3.jpg\" \/>\n\t<meta property=\"og:image:width\" content=\"816\" \/>\n\t<meta property=\"og:image:height\" content=\"489\" \/>\n\t<meta property=\"og:image:type\" content=\"image\/jpeg\" \/>\n<meta name=\"author\" content=\"Artur SILVA\" \/>\n<meta name=\"twitter:card\" content=\"summary_large_image\" \/>\n<meta name=\"twitter:label1\" content=\"Escrito por\" \/>\n\t<meta name=\"twitter:data1\" content=\"Artur SILVA\" \/>\n\t<meta name=\"twitter:label2\" content=\"Tempo estimado de leitura\" \/>\n\t<meta name=\"twitter:data2\" content=\"7 minutos\" \/>\n<script type=\"application\/ld+json\" class=\"yoast-schema-graph\">{\n\t    \"@context\": \"https:\/\/schema.org\",\n\t    \"@graph\": [\n\t        {\n\t            \"@type\": \"WebPage\",\n\t            \"@id\": \"https:\/\/www.rajapack.pt\/blog-pt\/ecologia\/5-principios-base-para-uma-embalagem-mais-sustentavel\",\n\t            \"url\": \"https:\/\/www.rajapack.pt\/blog-pt\/ecologia\/5-principios-base-para-uma-embalagem-mais-sustentavel\",\n\t            \"name\": \"5 PRINC\u00cdPIOS BASE PARA UMA EMBALAGEM MAIS SUSTENT\u00c1VEL\",\n\t            \"isPartOf\": {\n\t                \"@id\": \"https:\/\/www.rajapack.pt\/blog-pt\/#website\"\n\t            },\n\t            \"primaryImageOfPage\": {\n\t                \"@id\": \"https:\/\/www.rajapack.pt\/blog-pt\/ecologia\/5-principios-base-para-uma-embalagem-mais-sustentavel#primaryimage\"\n\t            },\n\t            \"image\": {\n\t                \"@id\": \"https:\/\/www.rajapack.pt\/blog-pt\/ecologia\/5-principios-base-para-uma-embalagem-mais-sustentavel#primaryimage\"\n\t            },\n\t            \"thumbnailUrl\": \"https:\/\/www.rajapack.pt\/blog-pt\/wp-content\/uploads\/2021\/07\/principios-base-embalagem-sustentavel-3.jpg\",\n\t            \"datePublished\": \"2021-07-26T10:35:39+00:00\",\n\t            \"dateModified\": \"2021-10-22T11:11:28+00:00\",\n\t            \"author\": {\n\t                \"@id\": \"https:\/\/www.rajapack.pt\/blog-pt\/#\/schema\/person\/df462f28a2c85574b59591ba9eebc6a3\"\n\t            },\n\t            \"description\": \"Embale de uma forma mais sustent\u00e1vel com os 5 R's da embalagem: Reduza, Reutilize, Reponha, Renove e Recicle!\",\n\t            \"inLanguage\": \"pt-PT\",\n\t            \"potentialAction\": [\n\t                {\n\t                    \"@type\": \"ReadAction\",\n\t                    \"target\": [\n\t                        \"https:\/\/www.rajapack.pt\/blog-pt\/ecologia\/5-principios-base-para-uma-embalagem-mais-sustentavel\"\n\t                    ]\n\t                }\n\t            ]\n\t        },\n\t        {\n\t            \"@type\": \"ImageObject\",\n\t            \"inLanguage\": \"pt-PT\",\n\t            \"@id\": \"https:\/\/www.rajapack.pt\/blog-pt\/ecologia\/5-principios-base-para-uma-embalagem-mais-sustentavel#primaryimage\",\n\t            \"url\": \"https:\/\/www.rajapack.pt\/blog-pt\/wp-content\/uploads\/2021\/07\/principios-base-embalagem-sustentavel-3.jpg\",\n\t            \"contentUrl\": \"https:\/\/www.rajapack.pt\/blog-pt\/wp-content\/uploads\/2021\/07\/principios-base-embalagem-sustentavel-3.jpg\",\n\t            \"width\": 816,\n\t            \"height\": 489\n\t        },\n\t        {\n\t            \"@type\": \"WebSite\",\n\t            \"@id\": \"https:\/\/www.rajapack.pt\/blog-pt\/#website\",\n\t            \"url\": \"https:\/\/www.rajapack.pt\/blog-pt\/\",\n\t            \"name\": \"Tudo para embalagem | Rajapack\",\n\t            \"description\": \"O seu blog para Embalagens, Log\u00edstica e muito mais\",\n\t            \"potentialAction\": [\n\t                {\n\t                    \"@type\": \"SearchAction\",\n\t                    \"target\": {\n\t                        \"@type\": \"EntryPoint\",\n\t                        \"urlTemplate\": \"https:\/\/www.rajapack.pt\/blog-pt\/?s={search_term_string}\"\n\t                    },\n\t                    \"query-input\": \"required name=search_term_string\"\n\t                }\n\t            ],\n\t            \"inLanguage\": \"pt-PT\"\n\t        },\n\t        {\n\t            \"@type\": \"Person\",\n\t            \"@id\": \"https:\/\/www.rajapack.pt\/blog-pt\/#\/schema\/person\/df462f28a2c85574b59591ba9eebc6a3\",\n\t            \"name\": \"Artur SILVA\",\n\t            \"image\": {\n\t                \"@type\": \"ImageObject\",\n\t                \"inLanguage\": \"pt-PT\",\n\t                \"@id\": \"https:\/\/www.rajapack.pt\/blog-pt\/#\/schema\/person\/image\/\",\n\t                \"url\": \"https:\/\/secure.gravatar.com\/avatar\/a8064c2c43611a0253a12dd4e2cebb25?s=96&d=mm&r=g\",\n\t                \"contentUrl\": \"https:\/\/secure.gravatar.com\/avatar\/a8064c2c43611a0253a12dd4e2cebb25?s=96&d=mm&r=g\",\n\t                \"caption\": \"Artur SILVA\"\n\t            },\n\t            \"description\": \"RAJAPACK PT\",\n\t            \"url\": \"https:\/\/www.rajapack.pt\/blog-pt\/author\/asilvarajapack-pt\"\n\t        }\n\t    ]\n\t}<\/script>\n","yoast_head_json":{"title":"5 PRINC\u00cdPIOS BASE PARA UMA EMBALAGEM MAIS SUSTENT\u00c1VEL","description":"Embale de uma forma mais sustent\u00e1vel com os 5 R's da embalagem: Reduza, Reutilize, Reponha, Renove e Recicle!","robots":{"index":"index","follow":"follow","max-snippet":"max-snippet:-1","max-image-preview":"max-image-preview:large","max-video-preview":"max-video-preview:-1"},"canonical":"https:\/\/www.rajapack.pt\/blog-pt\/ecologia\/5-principios-base-para-uma-embalagem-mais-sustentavel","og_locale":"pt_PT","og_type":"article","og_title":"5 PRINC\u00cdPIOS BASE PARA UMA EMBALAGEM MAIS SUSTENT\u00c1VEL","og_description":"Embale de uma forma mais sustent\u00e1vel com os 5 R's da embalagem: Reduza, Reutilize, Reponha, Renove e Recicle!","og_url":"https:\/\/www.rajapack.pt\/blog-pt\/ecologia\/5-principios-base-para-uma-embalagem-mais-sustentavel","og_site_name":"Tudo para embalagem | Rajapack","article_published_time":"2021-07-26T10:35:39+00:00","article_modified_time":"2021-10-22T11:11:28+00:00","og_image":[{"width":816,"height":489,"url":"https:\/\/www.rajapack.pt\/blog-pt\/wp-content\/uploads\/2021\/07\/principios-base-embalagem-sustentavel-3.jpg","type":"image\/jpeg"}],"author":"Artur SILVA","twitter_card":"summary_large_image","twitter_misc":{"Escrito por":"Artur SILVA","Tempo estimado de leitura":"7 minutos"},"schema":{"@context":"https:\/\/schema.org","@graph":[{"@type":"WebPage","@id":"https:\/\/www.rajapack.pt\/blog-pt\/ecologia\/5-principios-base-para-uma-embalagem-mais-sustentavel","url":"https:\/\/www.rajapack.pt\/blog-pt\/ecologia\/5-principios-base-para-uma-embalagem-mais-sustentavel","name":"5 PRINC\u00cdPIOS BASE PARA UMA EMBALAGEM MAIS SUSTENT\u00c1VEL","isPartOf":{"@id":"https:\/\/www.rajapack.pt\/blog-pt\/#website"},"primaryImageOfPage":{"@id":"https:\/\/www.rajapack.pt\/blog-pt\/ecologia\/5-principios-base-para-uma-embalagem-mais-sustentavel#primaryimage"},"image":{"@id":"https:\/\/www.rajapack.pt\/blog-pt\/ecologia\/5-principios-base-para-uma-embalagem-mais-sustentavel#primaryimage"},"thumbnailUrl":"https:\/\/www.rajapack.pt\/blog-pt\/wp-content\/uploads\/2021\/07\/principios-base-embalagem-sustentavel-3.jpg","datePublished":"2021-07-26T10:35:39+00:00","dateModified":"2021-10-22T11:11:28+00:00","author":{"@id":"https:\/\/www.rajapack.pt\/blog-pt\/#\/schema\/person\/df462f28a2c85574b59591ba9eebc6a3"},"description":"Embale de uma forma mais sustent\u00e1vel com os 5 R's da embalagem: Reduza, Reutilize, Reponha, Renove e Recicle!","inLanguage":"pt-PT","potentialAction":[{"@type":"ReadAction","target":["https:\/\/www.rajapack.pt\/blog-pt\/ecologia\/5-principios-base-para-uma-embalagem-mais-sustentavel"]}]},{"@type":"ImageObject","inLanguage":"pt-PT","@id":"https:\/\/www.rajapack.pt\/blog-pt\/ecologia\/5-principios-base-para-uma-embalagem-mais-sustentavel#primaryimage","url":"https:\/\/www.rajapack.pt\/blog-pt\/wp-content\/uploads\/2021\/07\/principios-base-embalagem-sustentavel-3.jpg","contentUrl":"https:\/\/www.rajapack.pt\/blog-pt\/wp-content\/uploads\/2021\/07\/principios-base-embalagem-sustentavel-3.jpg","width":816,"height":489},{"@type":"WebSite","@id":"https:\/\/www.rajapack.pt\/blog-pt\/#website","url":"https:\/\/www.rajapack.pt\/blog-pt\/","name":"Tudo para embalagem | Rajapack","description":"O seu blog para Embalagens, Log\u00edstica e muito mais","potentialAction":[{"@type":"SearchAction","target":{"@type":"EntryPoint","urlTemplate":"https:\/\/www.rajapack.pt\/blog-pt\/?s={search_term_string}"},"query-input":"required name=search_term_string"}],"inLanguage":"pt-PT"},{"@type":"Person","@id":"https:\/\/www.rajapack.pt\/blog-pt\/#\/schema\/person\/df462f28a2c85574b59591ba9eebc6a3","name":"Artur SILVA","image":{"@type":"ImageObject","inLanguage":"pt-PT","@id":"https:\/\/www.rajapack.pt\/blog-pt\/#\/schema\/person\/image\/","url":"https:\/\/secure.gravatar.com\/avatar\/a8064c2c43611a0253a12dd4e2cebb25?s=96&d=mm&r=g","contentUrl":"https:\/\/secure.gravatar.com\/avatar\/a8064c2c43611a0253a12dd4e2cebb25?s=96&d=mm&r=g","caption":"Artur SILVA"},"description":"RAJAPACK PT","url":"https:\/\/www.rajapack.pt\/blog-pt\/author\/asilvarajapack-pt"}]}},"_links":{"self":[{"href":"https:\/\/www.rajapack.pt\/blog-pt\/wp-json\/wp\/v2\/posts\/11181"}],"collection":[{"href":"https:\/\/www.rajapack.pt\/blog-pt\/wp-json\/wp\/v2\/posts"}],"about":[{"href":"https:\/\/www.rajapack.pt\/blog-pt\/wp-json\/wp\/v2\/types\/post"}],"author":[{"embeddable":true,"href":"https:\/\/www.rajapack.pt\/blog-pt\/wp-json\/wp\/v2\/users\/79"}],"replies":[{"embeddable":true,"href":"https:\/\/www.rajapack.pt\/blog-pt\/wp-json\/wp\/v2\/comments?post=11181"}],"version-history":[{"count":0,"href":"https:\/\/www.rajapack.pt\/blog-pt\/wp-json\/wp\/v2\/posts\/11181\/revisions"}],"wp:featuredmedia":[{"embeddable":true,"href":"https:\/\/www.rajapack.pt\/blog-pt\/wp-json\/wp\/v2\/media\/11182"}],"wp:attachment":[{"href":"https:\/\/www.rajapack.pt\/blog-pt\/wp-json\/wp\/v2\/media?parent=11181"}],"wp:term":[{"taxonomy":"category","embeddable":true,"href":"https:\/\/www.rajapack.pt\/blog-pt\/wp-json\/wp\/v2\/categories?post=11181"},{"taxonomy":"post_tag","embeddable":true,"href":"https:\/\/www.rajapack.pt\/blog-pt\/wp-json\/wp\/v2\/tags?post=11181"}],"curies":[{"name":"wp","href":"https:\/\/api.w.org\/{rel}","templated":true}]}}