{"id":11220,"date":"2021-07-25T20:56:16","date_gmt":"2021-07-25T19:56:16","guid":{"rendered":"https:\/\/www.rajapack.pt\/blog-pt\/?p=11220"},"modified":"2021-10-22T12:02:16","modified_gmt":"2021-10-22T11:02:16","slug":"reforce-o-compromisso-ambiental-da-sua-empresa-com-a-embalagem-bio-degradavel","status":"publish","type":"post","link":"https:\/\/www.rajapack.pt\/blog-pt\/ecologia\/reforce-o-compromisso-ambiental-da-sua-empresa-com-a-embalagem-bio-degradavel","title":{"rendered":"REFORCE O COMPROMISSO AMBIENTAL DA SUA EMPRESA COM A EMBALAGEM BIODEGRAD\u00c1VEL"},"content":{"rendered":"<p>Neste artigo, queremos propor-lhe um desafio ecol\u00f3gico que vai refor\u00e7ar o compromisso da sua marca com o meio ambiente. Veja, portanto, a nossa proposta: queremos que considere uma embalagem mais sustent\u00e1vel com as <strong>embalagens biol\u00f3gicas ou de base biol\u00f3gica.<\/strong><\/p>\n<div id=\"ez-toc-container\" class=\"ez-toc-v2_0_67_1 counter-hierarchy ez-toc-counter ez-toc-grey ez-toc-container-direction\">\n<div class=\"ez-toc-title-container\">\n<p class=\"ez-toc-title \" >Table of Contents<\/p>\n<span class=\"ez-toc-title-toggle\"><a href=\"#\" class=\"ez-toc-pull-right ez-toc-btn ez-toc-btn-xs ez-toc-btn-default ez-toc-toggle\" aria-label=\"Toggle Table of Content\"><span class=\"ez-toc-js-icon-con\"><span class=\"\"><span class=\"eztoc-hide\" style=\"display:none;\">Toggle<\/span><span class=\"ez-toc-icon-toggle-span\"><svg style=\"fill: #999;color:#999\" xmlns=\"http:\/\/www.w3.org\/2000\/svg\" class=\"list-377408\" width=\"20px\" height=\"20px\" viewBox=\"0 0 24 24\" fill=\"none\"><path d=\"M6 6H4v2h2V6zm14 0H8v2h12V6zM4 11h2v2H4v-2zm16 0H8v2h12v-2zM4 16h2v2H4v-2zm16 0H8v2h12v-2z\" fill=\"currentColor\"><\/path><\/svg><svg style=\"fill: #999;color:#999\" class=\"arrow-unsorted-368013\" xmlns=\"http:\/\/www.w3.org\/2000\/svg\" width=\"10px\" height=\"10px\" viewBox=\"0 0 24 24\" version=\"1.2\" baseProfile=\"tiny\"><path d=\"M18.2 9.3l-6.2-6.3-6.2 6.3c-.2.2-.3.4-.3.7s.1.5.3.7c.2.2.4.3.7.3h11c.3 0 .5-.1.7-.3.2-.2.3-.5.3-.7s-.1-.5-.3-.7zM5.8 14.7l6.2 6.3 6.2-6.3c.2-.2.3-.5.3-.7s-.1-.5-.3-.7c-.2-.2-.4-.3-.7-.3h-11c-.3 0-.5.1-.7.3-.2.2-.3.5-.3.7s.1.5.3.7z\"\/><\/svg><\/span><\/span><\/span><\/a><\/span><\/div>\n<nav><ul class='ez-toc-list ez-toc-list-level-1 ' ><li class='ez-toc-page-1 ez-toc-heading-level-2'><a class=\"ez-toc-link ez-toc-heading-1\" href=\"https:\/\/www.rajapack.pt\/blog-pt\/ecologia\/reforce-o-compromisso-ambiental-da-sua-empresa-com-a-embalagem-bio-degradavel\/#_O_que_sao_as_embalagens_biologicas\" title=\"\u00a0O que s\u00e3o as embalagens biol\u00f3gicas?\">\u00a0O que s\u00e3o as embalagens biol\u00f3gicas?<\/a><\/li><li class='ez-toc-page-1 ez-toc-heading-level-2'><a class=\"ez-toc-link ez-toc-heading-2\" href=\"https:\/\/www.rajapack.pt\/blog-pt\/ecologia\/reforce-o-compromisso-ambiental-da-sua-empresa-com-a-embalagem-bio-degradavel\/#As_embalagens_biologicas_sao_biodegradaveis_%E2%80%8B%E2%80%8Be_compostaveis\" title=\"As embalagens biol\u00f3gicas s\u00e3o biodegrad\u00e1veis \u200b\u200be compost\u00e1veis?\">As embalagens biol\u00f3gicas s\u00e3o biodegrad\u00e1veis \u200b\u200be compost\u00e1veis?<\/a><\/li><li class='ez-toc-page-1 ez-toc-heading-level-2'><a class=\"ez-toc-link ez-toc-heading-3\" href=\"https:\/\/www.rajapack.pt\/blog-pt\/ecologia\/reforce-o-compromisso-ambiental-da-sua-empresa-com-a-embalagem-bio-degradavel\/#Embalagens_de_base_biologica_um_compromisso_Eco-Responsavel_da_RAJA\" title=\"Embalagens de base biol\u00f3gica, um compromisso Eco-Respons\u00e1vel da RAJA\">Embalagens de base biol\u00f3gica, um compromisso Eco-Respons\u00e1vel da RAJA<\/a><\/li><li class='ez-toc-page-1 ez-toc-heading-level-2'><a class=\"ez-toc-link ez-toc-heading-4\" href=\"https:\/\/www.rajapack.pt\/blog-pt\/ecologia\/reforce-o-compromisso-ambiental-da-sua-empresa-com-a-embalagem-bio-degradavel\/#Como_integrar_as_embalagens_biologicas_no_dia-a-dia_da_sua_empresa\" title=\"Como integrar as embalagens biol\u00f3gicas no dia-a-dia da sua empresa?\">Como integrar as embalagens biol\u00f3gicas no dia-a-dia da sua empresa?<\/a><\/li><\/ul><\/nav><\/div>\n<h2><span class=\"ez-toc-section\" id=\"_O_que_sao_as_embalagens_biologicas\"><\/span><strong>\u00a0<\/strong><strong>O que s\u00e3o as embalagens biol\u00f3gicas?<\/strong><span class=\"ez-toc-section-end\"><\/span><\/h2>\n<p>As <strong>embalagens biol\u00f3gicas ou de base biol\u00f3gica<\/strong> s\u00e3o aquelas que s\u00e3o fabricadas, total ou parcialmente, com mat\u00e9rias-primas renov\u00e1veis \u200b\u200bde origem natural.<\/p>\n<p>\u00c9, acima de tudo, um tipo de <a href=\"https:\/\/www.rajapack.pt\/embalagem-ecologica_cms_000109.html\"><strong>embalagem Eco-Respons\u00e1vel<\/strong><\/a> que re\u00fane outras op\u00e7\u00f5es biodegrad\u00e1veis, compost\u00e1veis, ecol\u00f3gicas, recicl\u00e1veis \u200b\u200bou recicladas para favorecer o cuidado com o meio ambiente do ponto de vista da embalagem. Saiba mais sobre todos estes termos, com a ajuda do nosso dicion\u00e1rio indispens\u00e1vel, sobre o meio ambiente e as embalagens. Al\u00e9m disso, reconhe\u00e7a-os tamb\u00e9m no nosso <em>webiste<\/em> com o nosso <a href=\"https:\/\/www.rajapack.pt\/meio-ambiente\/criterios-etiquetas-ambientais\">c\u00f3digo de etiquetas ecol\u00f3gicas para os produtos Eco-Respons\u00e1veis.<\/a><\/p>\n<p><strong>De que s\u00e3o feitas as embalagens biol\u00f3gicas?<\/strong><\/p>\n<p>As embalagens de base biol\u00f3gica s\u00e3o, portanto, feitas de <strong>componentes de origem vegetal. <\/strong>S\u00e3o consideradas renov\u00e1veis \u200b\u200bdevido \u00e0 sua capacidade de regenera\u00e7\u00e3o r\u00e1pida, a um ritmo superior \u00e0quela que \u00e9 consumida pelo homem. Por exemplo, entre as mais usadas para a fabrica\u00e7\u00e3o de embalagens de base biol\u00f3gicas est\u00e3o:<\/p>\n<ul>\n<li>A <strong>celulose<\/strong>, proveniente da madeira ou do algod\u00e3o, e elemento-chave para a obten\u00e7\u00e3o de embalagens de madeira, cart\u00e3o ou papel.<\/li>\n<li>O<strong> amido<\/strong>, extra\u00eddo do milho, batata, trigo ou do arroz.<\/li>\n<\/ul>\n<h2><span class=\"ez-toc-section\" id=\"As_embalagens_biologicas_sao_biodegradaveis_%E2%80%8B%E2%80%8Be_compostaveis\"><\/span><strong>As embalagens biol\u00f3gicas s\u00e3o biodegrad\u00e1veis \u200b\u200be compost\u00e1veis?<\/strong><span class=\"ez-toc-section-end\"><\/span><\/h2>\n<p>Apesar das embalagens biol\u00f3gicas serem <em>eco-friendly<\/em>, n\u00e3o podemos cair no erro de pensar que, por serem feitas com mat\u00e9rias-primas renov\u00e1veis, devem de ser, necessariamente<strong>, biodegrad\u00e1veis \u200b\u200be compost\u00e1veis<\/strong>. Se essas caracter\u00edsticas s\u00e3o fundamentais para si na sele\u00e7\u00e3o das suas embalagens, consulte as especifica\u00e7\u00f5es de cada refer\u00eancia e, caso tenha alguma d\u00favida, pergunte-nos!<\/p>\n<p>Na RAJA, podemos acompanh\u00e1-lo\/a no caminho para a <a href=\"https:\/\/www.rajapack.pt\/meio-ambiente\">utiliza\u00e7\u00e3o das solu\u00e7\u00f5es Eco-Respons\u00e1veis para o seu neg\u00f3cio<\/a>. Conhe\u00e7a os diferentes tipos de pl\u00e1sticos biodegrad\u00e1veis, \u200b\u200bexistentes, e tome decis\u00f5es mais conscientes na compra das suas embalagens.<\/p>\n<h2><span class=\"ez-toc-section\" id=\"Embalagens_de_base_biologica_um_compromisso_Eco-Responsavel_da_RAJA\"><\/span><strong>Embalagens de base biol\u00f3gica, um compromisso Eco-Respons\u00e1vel da RAJA<\/strong><span class=\"ez-toc-section-end\"><\/span><\/h2>\n<p>Em suma, no nosso cat\u00e1logo online, temos uma ampla <strong>sele\u00e7\u00e3o de embalagens de base biol\u00f3gica<\/strong>. Algumas ideias?<\/p>\n<ul>\n<li><a href=\"https:\/\/www.rajapack.pt\/fitas-adesivas-cintar\/fitas-adesivas-embalagem\/fitas-adesivas-papel\/fita-adesiva-papel-rajatape_OFF_ES_0685.html\">Fita adesiva de papel kraft solvente<\/a>, que cont\u00e9m massa de borracha natural. Al\u00e9m de ser de origem renov\u00e1vel, destaca-se tamb\u00e9m por ser 100% recicl\u00e1vel.<a href=\"https:\/\/www.rajapack.pt\/maquinas-sistemas-embalagem\/maquinas-enchimento\/sistemas-bolhas-almofadas-ar\/filme-papel-maquina-ar-raja_OFF_ES_1011.html\"><img loading=\"lazy\" decoding=\"async\" class=\"wp-image-11222 alignright\" style=\"font-weight: 400;\" src=\"https:\/\/www.rajapack.pt\/blog-pt\/wp-content\/uploads\/2021\/07\/compromisso-ambiental-embalagem-biodegradavel-1-300x300.jpg\" alt=\"\" width=\"193\" height=\"193\" \/><\/a><\/li>\n<li><a href=\"https:\/\/www.rajapack.pt\/maquinas-sistemas-embalagem\/maquinas-enchimento\/sistemas-bolhas-almofadas-ar\/filme-papel-maquina-ar-raja_OFF_ES_1011.html\">Filme de papel para sistemas de ar<\/a> em bobinas, fabricado com 80% de materiais renov\u00e1veis \u200b\u200be totalmente recicl\u00e1veis.<\/li>\n<li><a href=\"https:\/\/www.rajapack.pt\/embalagens-para-presente-lojas\/sacos-plastico-com-asas-para-lojas\/sacos-biodegradaveis\/saco-biodegradavel-alcas_PDT00358.html\">Sacos de pl\u00e1stico feitos \u00e0 base de amido de cereais<\/a><strong>.<\/strong> Em dois tamanhos e cores (o pequeno, em branco; e o grande, em verde), biodegrad\u00e1veis e compost\u00e1veis.<\/li>\n<li><a href=\"https:\/\/www.rajapack.pt\/embalagem-alimentar\/sacos-alimentacao\/sacos-termicos-reutilizaveis\/sacos-algodao-fecho-cordao_skuSC32075.html?SearchCat=natural&amp;SearchQuery=SC32075&amp;SearchCat=natural&amp;SearchQuery=SC32075\">Sacos de algod\u00e3o<\/a> para o transporte e armazenamento de alimentos, com fibras provenientes da agricultura org\u00e2nica.<\/li>\n<li><a href=\"https:\/\/www.rajapack.pt\/embalagem-alimentar\/louca-talheres-toalhas-descartaveis\/pratos-talheres-descartaveis\/kit-talheres-amido_skuBK1010503.html?SearchCat=natural&amp;SearchQuery=BK1010503&amp;SearchCat=natural&amp;SearchQuery=BK1010503\">Talheres descart\u00e1veis \u200b\u200b<\/a>\u00e0 base de CPLA (pol\u00edmero de amido de milho), para a restaura\u00e7\u00e3o, catering e tamb\u00e9m de servi\u00e7os de take-away. Da mesma forma, s\u00e3o compost\u00e1veis e biodegrad\u00e1veis.<\/li>\n<\/ul>\n<ul>\n<li><a href=\"https:\/\/www.rajapack.pt\/embalagens-enchimento-protecao\/particulas-embalagem-papel-seda\/pipocas-enchimento\/pipocas-embalagem-renature_OFF_ES_0460.html?SearchCat=natural&amp;SearchQuery=renature&amp;SearchCat=natural&amp;SearchQuery=renature\">Chips de enchimento de amido de milho<\/a> usados na prote\u00e7\u00e3o dos objetos mais fr\u00e1geis e delicados. S\u00e3o biodegrad\u00e1veis, compost\u00e1veis \u200b\u200be recicl\u00e1veis. Al\u00e9m disso, s\u00e3o tamb\u00e9m antiest\u00e1ticos e sol\u00faveis em \u00e1gua. Uma forma Eco-Respons\u00e1vel e, portanto, original de garantir a preserva\u00e7\u00e3o dos seus envios.<\/li>\n<\/ul>\n<h2><span class=\"ez-toc-section\" id=\"Como_integrar_as_embalagens_biologicas_no_dia-a-dia_da_sua_empresa\"><\/span><strong>Como integrar as embalagens biol\u00f3gicas no dia-a-dia da sua empresa?<\/strong><span class=\"ez-toc-section-end\"><\/span><\/h2>\n<p>O melhor das embalagens biol\u00f3gicas \u00e9 que n\u00e3o precisa de fazer grandes mudan\u00e7as <strong>para integr\u00e1-las nas atividades da sua empresa. <\/strong>No entanto, adot\u00e1-las no seu dia-a-dia requer apenas um pouco de reflex\u00e3o e compromisso. Por onde come\u00e7ar?<\/p>\n<ol>\n<li>Identifique, por exemplo, <strong>alternativas de base biol\u00f3gica<\/strong> de forma a substituir os produtos das embalagens que usa atualmente. Uma boa alternativa poderia ser substituir as fitas adesivas de PVC por outras fitas de kraft solvente, como as que sugerimos anteriormente. Da mesma forma, estar\u00e1 a colocar em pr\u00e1tica um dos<a href=\"https:\/\/www.rajapack.pt\/meio-ambiente\/5R-reducao-residuos\"> 5-Rs da embalagem!<\/a><\/li>\n<li>Reveja cuidadosamente <strong>a composi\u00e7\u00e3o dos materiais das suas embalagens<\/strong> e certifique-se de que causam o menor impacto poss\u00edvel no meio ambiente. Envolva tamb\u00e9m os seus clientes em desafios ecol\u00f3gicos, oferecendo indica\u00e7\u00f5es claras para a reutiliza\u00e7\u00e3o ou para a reciclagem.<\/li>\n<li><strong>Comunique a sua preocupa\u00e7\u00e3o para com o meio ambiente<\/strong> com as suas a\u00e7\u00f5es de marketing online e offline. Aproveite, acima de tudo, o seu web<em>site, blog<\/em> e <em>newsletters<\/em>, tal como os seus cat\u00e1logos e outros m\u00eddias tradicionais, para transmitir a sua mensagem.<\/li>\n<\/ol>\n<p>Poder\u00e1 distinguir produtos de base biol\u00f3gica no nosso <em>website<\/em>, com a ajuda dos nossos pictogramas de mat\u00e9ria-prima renov\u00e1vel:<\/p>\n<p>No nosso e-commerce, pode comprar <strong>embalagens de base biol\u00f3gica e dezenas de produtos que respeitam o meio ambiente,<\/strong> para a organiza\u00e7\u00e3o do seu armaz\u00e9m e na prepara\u00e7\u00e3o das encomendas da sua loja online. Sempre em stock e com entrega em 48\/72 horas. Junte-se hoje mesmo ao mundo Eco-Respons\u00e1vel!<\/p>\n<p><a href=\"https:\/\/www.rajapack.pt\/embalagem-ecologica_cms_000109.html\"><img loading=\"lazy\" decoding=\"async\" class=\"wp-image-11374 size-full aligncenter\" src=\"https:\/\/www.rajapack.pt\/blog-pt\/wp-content\/uploads\/2021\/07\/RAJA-EMBALAGENS-ECOLOGICAS-3.jpg\" alt=\"\" width=\"850\" height=\"277\" srcset=\"https:\/\/www.rajapack.pt\/blog-pt\/wp-content\/uploads\/2021\/07\/RAJA-EMBALAGENS-ECOLOGICAS-3.jpg 850w, https:\/\/www.rajapack.pt\/blog-pt\/wp-content\/uploads\/2021\/07\/RAJA-EMBALAGENS-ECOLOGICAS-3-430x140.jpg 430w, https:\/\/www.rajapack.pt\/blog-pt\/wp-content\/uploads\/2021\/07\/RAJA-EMBALAGENS-ECOLOGICAS-3-768x250.jpg 768w, https:\/\/www.rajapack.pt\/blog-pt\/wp-content\/uploads\/2021\/07\/RAJA-EMBALAGENS-ECOLOGICAS-3-375x122.jpg 375w\" sizes=\"(max-width: 850px) 100vw, 850px\" \/><\/a><\/p>\n","protected":false},"excerpt":{"rendered":"<p>Neste artigo, queremos propor-lhe um desafio ecol\u00f3gico que vai refor\u00e7ar o compromisso da sua marca com o meio ambiente. Veja, portanto, a nossa proposta: queremos que considere uma embalagem mais [&#8230;]<\/p>\n","protected":false},"author":79,"featured_media":11221,"comment_status":"open","ping_status":"open","sticky":false,"template":"","format":"standard","meta":{"_acf_changed":false,"footnotes":""},"categories":[558],"tags":[561,551],"class_list":["post-11220","post","type-post","status-publish","format-standard","has-post-thumbnail","hentry","category-ecologia","tag-e-commerce","tag-embalagens"],"acf":[],"yoast_head":"\n<title>A EMBALAGEM BIODEGRAD\u00c1VEL: UM COMPROMISSO AMBIENTAL<\/title>\n<meta name=\"description\" content=\"Reforce o compromisso da sua marca com o meio ambiente! Descubra uma embalagem mais sustent\u00e1vel atrav\u00e9s das embalagens biodegrad\u00e1veis.\" \/>\n<meta name=\"robots\" content=\"index, follow, max-snippet:-1, max-image-preview:large, max-video-preview:-1\" \/>\n<link rel=\"canonical\" href=\"https:\/\/www.rajapack.pt\/blog-pt\/ecologia\/reforce-o-compromisso-ambiental-da-sua-empresa-com-a-embalagem-bio-degradavel\" \/>\n<meta property=\"og:locale\" content=\"pt_PT\" \/>\n<meta property=\"og:type\" content=\"article\" \/>\n<meta property=\"og:title\" content=\"A EMBALAGEM BIODEGRAD\u00c1VEL: UM COMPROMISSO AMBIENTAL\" \/>\n<meta property=\"og:description\" content=\"Reforce o compromisso da sua marca com o meio ambiente! Descubra uma embalagem mais sustent\u00e1vel atrav\u00e9s das embalagens biodegrad\u00e1veis.\" \/>\n<meta property=\"og:url\" content=\"https:\/\/www.rajapack.pt\/blog-pt\/ecologia\/reforce-o-compromisso-ambiental-da-sua-empresa-com-a-embalagem-bio-degradavel\" \/>\n<meta property=\"og:site_name\" content=\"Tudo para embalagem | Rajapack\" \/>\n<meta property=\"article:published_time\" content=\"2021-07-25T19:56:16+00:00\" \/>\n<meta property=\"article:modified_time\" content=\"2021-10-22T11:02:16+00:00\" \/>\n<meta property=\"og:image\" content=\"https:\/\/www.rajapack.pt\/blog-pt\/wp-content\/uploads\/2021\/07\/compromisso-ambiental-embalagem-biodegradavel.jpg\" \/>\n\t<meta property=\"og:image:width\" content=\"850\" \/>\n\t<meta property=\"og:image:height\" content=\"450\" \/>\n\t<meta property=\"og:image:type\" content=\"image\/jpeg\" \/>\n<meta name=\"author\" content=\"Artur SILVA\" \/>\n<meta name=\"twitter:card\" content=\"summary_large_image\" \/>\n<meta name=\"twitter:label1\" content=\"Escrito por\" \/>\n\t<meta name=\"twitter:data1\" content=\"Artur SILVA\" \/>\n\t<meta name=\"twitter:label2\" content=\"Tempo estimado de leitura\" \/>\n\t<meta name=\"twitter:data2\" content=\"4 minutos\" \/>\n<script type=\"application\/ld+json\" class=\"yoast-schema-graph\">{\n\t    \"@context\": \"https:\/\/schema.org\",\n\t    \"@graph\": [\n\t        {\n\t            \"@type\": \"WebPage\",\n\t            \"@id\": \"https:\/\/www.rajapack.pt\/blog-pt\/ecologia\/reforce-o-compromisso-ambiental-da-sua-empresa-com-a-embalagem-bio-degradavel\",\n\t            \"url\": \"https:\/\/www.rajapack.pt\/blog-pt\/ecologia\/reforce-o-compromisso-ambiental-da-sua-empresa-com-a-embalagem-bio-degradavel\",\n\t            \"name\": \"A EMBALAGEM BIODEGRAD\u00c1VEL: UM COMPROMISSO AMBIENTAL\",\n\t            \"isPartOf\": {\n\t                \"@id\": \"https:\/\/www.rajapack.pt\/blog-pt\/#website\"\n\t            },\n\t            \"primaryImageOfPage\": {\n\t                \"@id\": \"https:\/\/www.rajapack.pt\/blog-pt\/ecologia\/reforce-o-compromisso-ambiental-da-sua-empresa-com-a-embalagem-bio-degradavel#primaryimage\"\n\t            },\n\t            \"image\": {\n\t                \"@id\": \"https:\/\/www.rajapack.pt\/blog-pt\/ecologia\/reforce-o-compromisso-ambiental-da-sua-empresa-com-a-embalagem-bio-degradavel#primaryimage\"\n\t            },\n\t            \"thumbnailUrl\": \"https:\/\/www.rajapack.pt\/blog-pt\/wp-content\/uploads\/2021\/07\/compromisso-ambiental-embalagem-biodegradavel.jpg\",\n\t            \"datePublished\": \"2021-07-25T19:56:16+00:00\",\n\t            \"dateModified\": \"2021-10-22T11:02:16+00:00\",\n\t            \"author\": {\n\t                \"@id\": \"https:\/\/www.rajapack.pt\/blog-pt\/#\/schema\/person\/df462f28a2c85574b59591ba9eebc6a3\"\n\t            },\n\t            \"description\": \"Reforce o compromisso da sua marca com o meio ambiente! Descubra uma embalagem mais sustent\u00e1vel atrav\u00e9s das embalagens biodegrad\u00e1veis.\",\n\t            \"inLanguage\": \"pt-PT\",\n\t            \"potentialAction\": [\n\t                {\n\t                    \"@type\": \"ReadAction\",\n\t                    \"target\": [\n\t                        \"https:\/\/www.rajapack.pt\/blog-pt\/ecologia\/reforce-o-compromisso-ambiental-da-sua-empresa-com-a-embalagem-bio-degradavel\"\n\t                    ]\n\t                }\n\t            ]\n\t        },\n\t        {\n\t            \"@type\": \"ImageObject\",\n\t            \"inLanguage\": \"pt-PT\",\n\t            \"@id\": \"https:\/\/www.rajapack.pt\/blog-pt\/ecologia\/reforce-o-compromisso-ambiental-da-sua-empresa-com-a-embalagem-bio-degradavel#primaryimage\",\n\t            \"url\": \"https:\/\/www.rajapack.pt\/blog-pt\/wp-content\/uploads\/2021\/07\/compromisso-ambiental-embalagem-biodegradavel.jpg\",\n\t            \"contentUrl\": \"https:\/\/www.rajapack.pt\/blog-pt\/wp-content\/uploads\/2021\/07\/compromisso-ambiental-embalagem-biodegradavel.jpg\",\n\t            \"width\": 850,\n\t            \"height\": 450\n\t        },\n\t        {\n\t            \"@type\": \"WebSite\",\n\t            \"@id\": \"https:\/\/www.rajapack.pt\/blog-pt\/#website\",\n\t            \"url\": \"https:\/\/www.rajapack.pt\/blog-pt\/\",\n\t            \"name\": \"Tudo para embalagem | Rajapack\",\n\t            \"description\": \"O seu blog para Embalagens, Log\u00edstica e muito mais\",\n\t            \"potentialAction\": [\n\t                {\n\t                    \"@type\": \"SearchAction\",\n\t                    \"target\": {\n\t                        \"@type\": \"EntryPoint\",\n\t                        \"urlTemplate\": \"https:\/\/www.rajapack.pt\/blog-pt\/?s={search_term_string}\"\n\t                    },\n\t                    \"query-input\": \"required name=search_term_string\"\n\t                }\n\t            ],\n\t            \"inLanguage\": \"pt-PT\"\n\t        },\n\t        {\n\t            \"@type\": \"Person\",\n\t            \"@id\": \"https:\/\/www.rajapack.pt\/blog-pt\/#\/schema\/person\/df462f28a2c85574b59591ba9eebc6a3\",\n\t            \"name\": \"Artur SILVA\",\n\t            \"image\": {\n\t                \"@type\": \"ImageObject\",\n\t                \"inLanguage\": \"pt-PT\",\n\t                \"@id\": \"https:\/\/www.rajapack.pt\/blog-pt\/#\/schema\/person\/image\/\",\n\t                \"url\": \"https:\/\/secure.gravatar.com\/avatar\/a8064c2c43611a0253a12dd4e2cebb25?s=96&d=mm&r=g\",\n\t                \"contentUrl\": \"https:\/\/secure.gravatar.com\/avatar\/a8064c2c43611a0253a12dd4e2cebb25?s=96&d=mm&r=g\",\n\t                \"caption\": \"Artur SILVA\"\n\t            },\n\t            \"description\": \"RAJAPACK PT\",\n\t            \"url\": \"https:\/\/www.rajapack.pt\/blog-pt\/author\/asilvarajapack-pt\"\n\t        }\n\t    ]\n\t}<\/script>\n","yoast_head_json":{"title":"A EMBALAGEM BIODEGRAD\u00c1VEL: UM COMPROMISSO AMBIENTAL","description":"Reforce o compromisso da sua marca com o meio ambiente! Descubra uma embalagem mais sustent\u00e1vel atrav\u00e9s das embalagens biodegrad\u00e1veis.","robots":{"index":"index","follow":"follow","max-snippet":"max-snippet:-1","max-image-preview":"max-image-preview:large","max-video-preview":"max-video-preview:-1"},"canonical":"https:\/\/www.rajapack.pt\/blog-pt\/ecologia\/reforce-o-compromisso-ambiental-da-sua-empresa-com-a-embalagem-bio-degradavel","og_locale":"pt_PT","og_type":"article","og_title":"A EMBALAGEM BIODEGRAD\u00c1VEL: UM COMPROMISSO AMBIENTAL","og_description":"Reforce o compromisso da sua marca com o meio ambiente! Descubra uma embalagem mais sustent\u00e1vel atrav\u00e9s das embalagens biodegrad\u00e1veis.","og_url":"https:\/\/www.rajapack.pt\/blog-pt\/ecologia\/reforce-o-compromisso-ambiental-da-sua-empresa-com-a-embalagem-bio-degradavel","og_site_name":"Tudo para embalagem | Rajapack","article_published_time":"2021-07-25T19:56:16+00:00","article_modified_time":"2021-10-22T11:02:16+00:00","og_image":[{"width":850,"height":450,"url":"https:\/\/www.rajapack.pt\/blog-pt\/wp-content\/uploads\/2021\/07\/compromisso-ambiental-embalagem-biodegradavel.jpg","type":"image\/jpeg"}],"author":"Artur SILVA","twitter_card":"summary_large_image","twitter_misc":{"Escrito por":"Artur SILVA","Tempo estimado de leitura":"4 minutos"},"schema":{"@context":"https:\/\/schema.org","@graph":[{"@type":"WebPage","@id":"https:\/\/www.rajapack.pt\/blog-pt\/ecologia\/reforce-o-compromisso-ambiental-da-sua-empresa-com-a-embalagem-bio-degradavel","url":"https:\/\/www.rajapack.pt\/blog-pt\/ecologia\/reforce-o-compromisso-ambiental-da-sua-empresa-com-a-embalagem-bio-degradavel","name":"A EMBALAGEM BIODEGRAD\u00c1VEL: UM COMPROMISSO AMBIENTAL","isPartOf":{"@id":"https:\/\/www.rajapack.pt\/blog-pt\/#website"},"primaryImageOfPage":{"@id":"https:\/\/www.rajapack.pt\/blog-pt\/ecologia\/reforce-o-compromisso-ambiental-da-sua-empresa-com-a-embalagem-bio-degradavel#primaryimage"},"image":{"@id":"https:\/\/www.rajapack.pt\/blog-pt\/ecologia\/reforce-o-compromisso-ambiental-da-sua-empresa-com-a-embalagem-bio-degradavel#primaryimage"},"thumbnailUrl":"https:\/\/www.rajapack.pt\/blog-pt\/wp-content\/uploads\/2021\/07\/compromisso-ambiental-embalagem-biodegradavel.jpg","datePublished":"2021-07-25T19:56:16+00:00","dateModified":"2021-10-22T11:02:16+00:00","author":{"@id":"https:\/\/www.rajapack.pt\/blog-pt\/#\/schema\/person\/df462f28a2c85574b59591ba9eebc6a3"},"description":"Reforce o compromisso da sua marca com o meio ambiente! Descubra uma embalagem mais sustent\u00e1vel atrav\u00e9s das embalagens biodegrad\u00e1veis.","inLanguage":"pt-PT","potentialAction":[{"@type":"ReadAction","target":["https:\/\/www.rajapack.pt\/blog-pt\/ecologia\/reforce-o-compromisso-ambiental-da-sua-empresa-com-a-embalagem-bio-degradavel"]}]},{"@type":"ImageObject","inLanguage":"pt-PT","@id":"https:\/\/www.rajapack.pt\/blog-pt\/ecologia\/reforce-o-compromisso-ambiental-da-sua-empresa-com-a-embalagem-bio-degradavel#primaryimage","url":"https:\/\/www.rajapack.pt\/blog-pt\/wp-content\/uploads\/2021\/07\/compromisso-ambiental-embalagem-biodegradavel.jpg","contentUrl":"https:\/\/www.rajapack.pt\/blog-pt\/wp-content\/uploads\/2021\/07\/compromisso-ambiental-embalagem-biodegradavel.jpg","width":850,"height":450},{"@type":"WebSite","@id":"https:\/\/www.rajapack.pt\/blog-pt\/#website","url":"https:\/\/www.rajapack.pt\/blog-pt\/","name":"Tudo para embalagem | Rajapack","description":"O seu blog para Embalagens, Log\u00edstica e muito mais","potentialAction":[{"@type":"SearchAction","target":{"@type":"EntryPoint","urlTemplate":"https:\/\/www.rajapack.pt\/blog-pt\/?s={search_term_string}"},"query-input":"required name=search_term_string"}],"inLanguage":"pt-PT"},{"@type":"Person","@id":"https:\/\/www.rajapack.pt\/blog-pt\/#\/schema\/person\/df462f28a2c85574b59591ba9eebc6a3","name":"Artur SILVA","image":{"@type":"ImageObject","inLanguage":"pt-PT","@id":"https:\/\/www.rajapack.pt\/blog-pt\/#\/schema\/person\/image\/","url":"https:\/\/secure.gravatar.com\/avatar\/a8064c2c43611a0253a12dd4e2cebb25?s=96&d=mm&r=g","contentUrl":"https:\/\/secure.gravatar.com\/avatar\/a8064c2c43611a0253a12dd4e2cebb25?s=96&d=mm&r=g","caption":"Artur SILVA"},"description":"RAJAPACK PT","url":"https:\/\/www.rajapack.pt\/blog-pt\/author\/asilvarajapack-pt"}]}},"_links":{"self":[{"href":"https:\/\/www.rajapack.pt\/blog-pt\/wp-json\/wp\/v2\/posts\/11220"}],"collection":[{"href":"https:\/\/www.rajapack.pt\/blog-pt\/wp-json\/wp\/v2\/posts"}],"about":[{"href":"https:\/\/www.rajapack.pt\/blog-pt\/wp-json\/wp\/v2\/types\/post"}],"author":[{"embeddable":true,"href":"https:\/\/www.rajapack.pt\/blog-pt\/wp-json\/wp\/v2\/users\/79"}],"replies":[{"embeddable":true,"href":"https:\/\/www.rajapack.pt\/blog-pt\/wp-json\/wp\/v2\/comments?post=11220"}],"version-history":[{"count":0,"href":"https:\/\/www.rajapack.pt\/blog-pt\/wp-json\/wp\/v2\/posts\/11220\/revisions"}],"wp:featuredmedia":[{"embeddable":true,"href":"https:\/\/www.rajapack.pt\/blog-pt\/wp-json\/wp\/v2\/media\/11221"}],"wp:attachment":[{"href":"https:\/\/www.rajapack.pt\/blog-pt\/wp-json\/wp\/v2\/media?parent=11220"}],"wp:term":[{"taxonomy":"category","embeddable":true,"href":"https:\/\/www.rajapack.pt\/blog-pt\/wp-json\/wp\/v2\/categories?post=11220"},{"taxonomy":"post_tag","embeddable":true,"href":"https:\/\/www.rajapack.pt\/blog-pt\/wp-json\/wp\/v2\/tags?post=11220"}],"curies":[{"name":"wp","href":"https:\/\/api.w.org\/{rel}","templated":true}]}}