{"id":12330,"date":"2021-11-24T09:39:19","date_gmt":"2021-11-24T09:39:19","guid":{"rendered":"https:\/\/www.rajapack.pt\/blog-pt\/?p=12330"},"modified":"2021-11-24T09:39:19","modified_gmt":"2021-11-24T09:39:19","slug":"embalagens-eco-responsaveis-o-compromisso-ambiental","status":"publish","type":"post","link":"https:\/\/www.rajapack.pt\/blog-pt\/ecologia\/embalagens-eco-responsaveis-o-compromisso-ambiental","title":{"rendered":"EMBALAGENS ECO-RESPONS\u00c1VEIS: O COMPROMISSO AMBIENTAL"},"content":{"rendered":"<p>Decerto, que o <a href=\"https:\/\/www.rajapack.pt\/meio-ambiente\"><strong>compromisso da RAJA com o meio ambiente<\/strong> <\/a>n\u00e3o \u00e9 uma batalha solit\u00e1ria, mas sim uma preocupa\u00e7\u00e3o a n\u00edvel Mundial. Em 2015, a Organiza\u00e7\u00e3o das Na\u00e7\u00f5es Unidas (ONU) aprovou a sua agenda de trabalho para 2030, estruturada atrav\u00e9s de <strong>17 Objetivos de Desenvolvimento Sustent\u00e1vel<\/strong> (ODS). Assim, existe uma grande vontade de melhorar a vida de toda a popula\u00e7\u00e3o, atrav\u00e9s do combate \u00e0 pobreza, polui\u00e7\u00e3o, mudan\u00e7as clim\u00e1ticas ou at\u00e9 mesmo da desigualdade. No sector das embalagens, a RAJA tamb\u00e9m aderiu, igualmente, a este movimento ao apostar numa economia circular e na utiliza\u00e7\u00e3o de materiais Eco-Respons\u00e1veis.<\/p>\n<div id=\"ez-toc-container\" class=\"ez-toc-v2_0_67_1 counter-hierarchy ez-toc-counter ez-toc-grey ez-toc-container-direction\">\n<div class=\"ez-toc-title-container\">\n<p class=\"ez-toc-title \" >Table of Contents<\/p>\n<span class=\"ez-toc-title-toggle\"><a href=\"#\" class=\"ez-toc-pull-right ez-toc-btn ez-toc-btn-xs ez-toc-btn-default ez-toc-toggle\" aria-label=\"Toggle Table of Content\"><span class=\"ez-toc-js-icon-con\"><span class=\"\"><span class=\"eztoc-hide\" style=\"display:none;\">Toggle<\/span><span class=\"ez-toc-icon-toggle-span\"><svg style=\"fill: #999;color:#999\" xmlns=\"http:\/\/www.w3.org\/2000\/svg\" class=\"list-377408\" width=\"20px\" height=\"20px\" viewBox=\"0 0 24 24\" fill=\"none\"><path d=\"M6 6H4v2h2V6zm14 0H8v2h12V6zM4 11h2v2H4v-2zm16 0H8v2h12v-2zM4 16h2v2H4v-2zm16 0H8v2h12v-2z\" fill=\"currentColor\"><\/path><\/svg><svg style=\"fill: #999;color:#999\" class=\"arrow-unsorted-368013\" xmlns=\"http:\/\/www.w3.org\/2000\/svg\" width=\"10px\" height=\"10px\" viewBox=\"0 0 24 24\" version=\"1.2\" baseProfile=\"tiny\"><path d=\"M18.2 9.3l-6.2-6.3-6.2 6.3c-.2.2-.3.4-.3.7s.1.5.3.7c.2.2.4.3.7.3h11c.3 0 .5-.1.7-.3.2-.2.3-.5.3-.7s-.1-.5-.3-.7zM5.8 14.7l6.2 6.3 6.2-6.3c.2-.2.3-.5.3-.7s-.1-.5-.3-.7c-.2-.2-.4-.3-.7-.3h-11c-.3 0-.5.1-.7.3-.2.2-.3.5-.3.7s.1.5.3.7z\"\/><\/svg><\/span><\/span><\/span><\/a><\/span><\/div>\n<nav><ul class='ez-toc-list ez-toc-list-level-1 ' ><li class='ez-toc-page-1 ez-toc-heading-level-2'><a class=\"ez-toc-link ez-toc-heading-1\" href=\"https:\/\/www.rajapack.pt\/blog-pt\/ecologia\/embalagens-eco-responsaveis-o-compromisso-ambiental\/#Quais_sao_os_Objetivos_de_Desenvolvimento_Sustentavel_ODS\" title=\"Quais s\u00e3o os Objetivos de Desenvolvimento Sustent\u00e1vel (ODS)?\">Quais s\u00e3o os Objetivos de Desenvolvimento Sustent\u00e1vel (ODS)?<\/a><\/li><li class='ez-toc-page-1 ez-toc-heading-level-2'><a class=\"ez-toc-link ez-toc-heading-2\" href=\"https:\/\/www.rajapack.pt\/blog-pt\/ecologia\/embalagens-eco-responsaveis-o-compromisso-ambiental\/#Objetivo_numero_12_producao_e_consumo_sustentavel\" title=\"Objetivo n\u00famero 12: produ\u00e7\u00e3o e consumo sustent\u00e1vel\">Objetivo n\u00famero 12: produ\u00e7\u00e3o e consumo sustent\u00e1vel<\/a><\/li><li class='ez-toc-page-1 ez-toc-heading-level-2'><a class=\"ez-toc-link ez-toc-heading-3\" href=\"https:\/\/www.rajapack.pt\/blog-pt\/ecologia\/embalagens-eco-responsaveis-o-compromisso-ambiental\/#O_que_fazer_no_sector_das_embalagens_para_promover_os_ODS\" title=\"O que fazer no sector das embalagens para promover os ODS?\">O que fazer no sector das embalagens para promover os ODS?<\/a><\/li><li class='ez-toc-page-1 ez-toc-heading-level-2'><a class=\"ez-toc-link ez-toc-heading-4\" href=\"https:\/\/www.rajapack.pt\/blog-pt\/ecologia\/embalagens-eco-responsaveis-o-compromisso-ambiental\/#Os_5Rs_da_embalagem_um_compromisso_com_a_economia_circular\" title=\"Os 5Rs da embalagem, um compromisso com a economia circular\">Os 5Rs da embalagem, um compromisso com a economia circular<\/a><\/li><li class='ez-toc-page-1 ez-toc-heading-level-2'><a class=\"ez-toc-link ez-toc-heading-5\" href=\"https:\/\/www.rajapack.pt\/blog-pt\/ecologia\/embalagens-eco-responsaveis-o-compromisso-ambiental\/#Embalagem_Eco-Responsavel_para_uma_producao_e_consumo_sustentavel\" title=\"Embalagem Eco-Respons\u00e1vel para uma produ\u00e7\u00e3o e consumo sustent\u00e1vel\">Embalagem Eco-Respons\u00e1vel para uma produ\u00e7\u00e3o e consumo sustent\u00e1vel<\/a><\/li><li class='ez-toc-page-1 ez-toc-heading-level-2'><a class=\"ez-toc-link ez-toc-heading-6\" href=\"https:\/\/www.rajapack.pt\/blog-pt\/ecologia\/embalagens-eco-responsaveis-o-compromisso-ambiental\/#1_Embalagem_para_reduzir_o_custo_dos_materiais\" title=\"1. Embalagem para reduzir o custo dos materiais\">1. Embalagem para reduzir o custo dos materiais<\/a><\/li><li class='ez-toc-page-1 ez-toc-heading-level-2'><a class=\"ez-toc-link ez-toc-heading-7\" href=\"https:\/\/www.rajapack.pt\/blog-pt\/ecologia\/embalagens-eco-responsaveis-o-compromisso-ambiental\/#2_Embalagem_reutilizavel\" title=\"2. Embalagem reutiliz\u00e1vel\">2. Embalagem reutiliz\u00e1vel<\/a><\/li><li class='ez-toc-page-1 ez-toc-heading-level-2'><a class=\"ez-toc-link ez-toc-heading-8\" href=\"https:\/\/www.rajapack.pt\/blog-pt\/ecologia\/embalagens-eco-responsaveis-o-compromisso-ambiental\/#3_Embalagens_alternativas_para_substituir_as_menos_Eco-Responsaveis\" title=\"3. Embalagens alternativas para substituir as menos Eco-Respons\u00e1veis\">3. Embalagens alternativas para substituir as menos Eco-Respons\u00e1veis<\/a><\/li><li class='ez-toc-page-1 ez-toc-heading-level-2'><a class=\"ez-toc-link ez-toc-heading-9\" href=\"https:\/\/www.rajapack.pt\/blog-pt\/ecologia\/embalagens-eco-responsaveis-o-compromisso-ambiental\/#4_Embalagem_de_materias-primas_renovaveis\" title=\"4. Embalagem de mat\u00e9rias-primas renov\u00e1veis\">4. Embalagem de mat\u00e9rias-primas renov\u00e1veis<\/a><\/li><li class='ez-toc-page-1 ez-toc-heading-level-2'><a class=\"ez-toc-link ez-toc-heading-10\" href=\"https:\/\/www.rajapack.pt\/blog-pt\/ecologia\/embalagens-eco-responsaveis-o-compromisso-ambiental\/#5_Embalagens_recicladas_e_reciclaveis\" title=\"5. Embalagens recicladas e recicl\u00e1veis\">5. Embalagens recicladas e recicl\u00e1veis<\/a><\/li><\/ul><\/nav><\/div>\n<h2><span class=\"ez-toc-section\" id=\"Quais_sao_os_Objetivos_de_Desenvolvimento_Sustentavel_ODS\"><\/span>Quais s\u00e3o os Objetivos de Desenvolvimento Sustent\u00e1vel (ODS)?<span class=\"ez-toc-section-end\"><\/span><\/h2>\n<p>Portanto, os <a href=\"https:\/\/www.un.org\/sustainabledevelopment\/\">Objetivos de Desenvolvimento Sustent\u00e1vel<\/a> (ODS) assumem objetivos de evolu\u00e7\u00e3o tra\u00e7ados pela ONU, <strong>at\u00e9 2030<\/strong>. Segundo a ONU os ODS \u201cincorporam os desafios globais que enfrentamos todos os dias, como a pobreza, a desigualdade, o clima, a degrada\u00e7\u00e3o ambiental, a prosperidade, a paz e a justi\u00e7a\u201d.<\/p>\n<h2><span class=\"ez-toc-section\" id=\"Objetivo_numero_12_producao_e_consumo_sustentavel\"><\/span>Objetivo n\u00famero 12: produ\u00e7\u00e3o e consumo sustent\u00e1vel<span class=\"ez-toc-section-end\"><\/span><\/h2>\n<p><a href=\"https:\/\/www.un.org\/sustainabledevelopment\/sustainable-consumption-production\/\">O n\u00famero 12 dos ODS<\/a> foca-se na import\u00e2ncia de estabelecer rotinas de<strong> produ\u00e7\u00e3o e consumo sustent\u00e1vel<\/strong>. Segundo a ONU at\u00e9 2050, com uma popula\u00e7\u00e3o de 9,6 bilh\u00f5es de habitantes, seriam necess\u00e1rios tr\u00eas planetas para extrair os recursos suficientes para manter o strandard de vida atual. Portanto, \u00e9 <img loading=\"lazy\" decoding=\"async\" class=\"wp-image-12364 alignright\" src=\"https:\/\/www.rajapack.pt\/blog-pt\/wp-content\/uploads\/2021\/10\/embalagens-ecoresponsaveis-19-1-300x300.jpg\" alt=\"\" width=\"223\" height=\"223\" \/>fundamental adotar estilos de consumo conscientes, acabando com o desperd\u00edcio e mudando o sistema econ\u00f3mico, de forma a n\u00e3o causarmos danos irrepar\u00e1veis \u200b\u200bao meio ambiente.<\/p>\n<p>Como resultado, existem principalmente dois objetivos que est\u00e3o relacionados com o papel da RAJA como fornecedor de embalagens:<\/p>\n<ul>\n<li><strong>Reduzir significativamente a gest\u00e3o de res\u00edduo<\/strong>s atrav\u00e9s de atividades de preven\u00e7\u00e3o, redu\u00e7\u00e3o, reciclagem e reutiliza\u00e7\u00e3o;<\/li>\n<li>Incentivar as empresas, principalmente as maiores a adotarem <strong>pr\u00e1ticas sustent\u00e1veis<\/strong> \u200b\u200be a avaliarem os efeitos alcan\u00e7ados, nos seus relat\u00f3rios;<\/li>\n<\/ul>\n<h2><span class=\"ez-toc-section\" id=\"O_que_fazer_no_sector_das_embalagens_para_promover_os_ODS\"><\/span>O que fazer no sector das embalagens para promover os ODS?<span class=\"ez-toc-section-end\"><\/span><\/h2>\n<p>Conforme o ponto de vista da <strong>distribui\u00e7\u00e3o<\/strong>, existem muitas a\u00e7\u00f5es que devem de ser tomadas em prol da produ\u00e7\u00e3o e do consumo sustent\u00e1vel. A log\u00edstica verde e a implementa\u00e7\u00e3o de uma<a href=\"https:\/\/www.rajapack.pt\/blog-pt\/logistica\/como-implementar-uma-estrategia-de-transporte-de-produtos-eco-responsaveis\/\"> estrat\u00e9gia de transporte de transporte de produtos Eco-Respons\u00e1vel<\/a> s\u00e3o linhas de a\u00e7\u00e3o que v\u00e3o diretamente ao centro do destino. Assim, a RAJA continua pela sua pr\u00f3pria iniciativa com o seu compromisso de reduzir o seu impacto ambiental atrav\u00e9s de pr\u00e1ticas concretas:<\/p>\n<ul>\n<li>Priorizar as compras de proximidade para minimizar as rotas de abastecimento e limitar as nossas emiss\u00f5es de CO\u2082:<\/li>\n<\/ul>\n<p>&#8211; 86% dos nossos produtos s\u00e3o comprados na Europa;<\/p>\n<p>&#8211; 95% dos nossos fornecedores s\u00e3o Europeus;<\/p>\n<ul>\n<li>98% dos nossos fornecedores est\u00e3o comprometidos com a ado\u00e7\u00e3o de boas pr\u00e1ticas ambientais;<\/li>\n<li>Inovar em conjunto com os nossos fornecedores atrav\u00e9s do desenvolvimento das nossas embalagens mais ecologicamente corretas, em especial os pl\u00e1sticos;<\/li>\n<li>Reduzir o impacto das nossas entregas, limitando as emiss\u00f5es de CO\u2082:<\/li>\n<\/ul>\n<p>&#8211; Por exemplo, gra\u00e7as ao investimento dos nossos parceiros log\u00edsticos na renova\u00e7\u00e3o\/adapta\u00e7\u00e3o dos seus ve\u00edculos de acordo com os regulamentos Europeus;<\/p>\n<p>&#8211; Planear rotas de entrega a fim de minimizar o n\u00famero de quil\u00f3metros;<\/p>\n<p>&#8211; Selecionar igualmente parceiros log\u00edsticos que estejam comprometidos com a nossa pegada neutra em carbono;<\/p>\n<ul>\n<li>Informar, comunicar e limitar a nossa pegada ecol\u00f3gica tanto quanto poss\u00edvel:<\/li>\n<\/ul>\n<p>&#8211; Desenvolver as nossas ferramentas e servi\u00e7os na internet;<\/p>\n<p>&#8211; Reduzir o n\u00famero de cat\u00e1logos enviados e as toneladas de papel que \u00e9 usado: -43% dos cat\u00e1logos enviados desde 2013;<\/p>\n<p>&#8211; Usar papel que \u00e9 proveniente de florestas geridas de forma sustent\u00e1vel e outras fontes controladas (PEFC, FSC) e a impress\u00e3o com tintas minerais certificadas Blue Angel, por impressoras certificadas pelo ISO 14001.<\/p>\n<h2><span class=\"ez-toc-section\" id=\"Os_5Rs_da_embalagem_um_compromisso_com_a_economia_circular\"><\/span>Os 5Rs da embalagem, um compromisso com a economia circular<span class=\"ez-toc-section-end\"><\/span><\/h2>\n<p>Portanto, no que diz respeito \u00e0 gest\u00e3o de embalagens, na RAJA, queremos contribuir para a generaliza\u00e7\u00e3o da economia circular atrav\u00e9s dos <a href=\"https:\/\/www.rajapack.pt\/meio-ambiente\/5R-reducao-residuos\">5R&#8217;s para embalar de forma mais Eco-Respons\u00e1vel.<\/a><\/p>\n<ul>\n<li>Reduzir<\/li>\n<li>Reutilizar<\/li>\n<li>Repor<\/li>\n<li>Renovar<\/li>\n<li>Reciclar<\/li>\n<\/ul>\n<h2><span class=\"ez-toc-section\" id=\"Embalagem_Eco-Responsavel_para_uma_producao_e_consumo_sustentavel\"><\/span>Embalagem Eco-Respons\u00e1vel para uma produ\u00e7\u00e3o e consumo sustent\u00e1vel<span class=\"ez-toc-section-end\"><\/span><\/h2>\n<p>O grande desafio da RAJA do objetivo n\u00famero 12 \u00e9 comercializar embalagens que <strong>protejam efetivamente os produtos durante o transporte<\/strong> e que, ao mesmo tempo, <strong>respeitem o meio ambiente<\/strong>. Que op\u00e7\u00f5es temos para embalar de acordo com as recomenda\u00e7\u00f5es de cada um dos 5Rs?<\/p>\n<h2><span class=\"ez-toc-section\" id=\"1_Embalagem_para_reduzir_o_custo_dos_materiais\"><\/span>1. Embalagem para reduzir o custo dos materiais<span class=\"ez-toc-section-end\"><\/span><\/h2>\n<p>Sobretudo, a redu\u00e7\u00e3o do <a href=\"https:\/\/www.rajapack.pt\/blog-pt\/logistica\/como-calcular-o-volume-de-uma-caixa-de-cartao\/\">peso volum\u00e9trico<\/a> da embalagem proporciona uma economia econ\u00f3mica (menos despesas de envio) e materiais (menos cart\u00e3o, enchimento, etc.). Por exemplo, alguns produtos:<\/p>\n<ul>\n<li><a href=\"https:\/\/www.rajapack.pt\/caixas-cartao-contentores-caixas-postais\/caixas-cartao-altura-variavel-paletizaveis-especificas\/caixas-cartao-telescopicas-altura-variavel_C102020.html\">Caixas de cart\u00e3o telesc\u00f3picas e de altura vari\u00e1vel<\/a>;<\/li>\n<li><a href=\"https:\/\/www.rajapack.pt\/caixas-cartao-contentores-caixas-postais\/caixas-para-documentos-livros-formato-din_C1050.html\">Caixas extraplanas;<\/a><\/li>\n<li>E por \u00faltimo, as <a href=\"https:\/\/www.rajapack.pt\/caixas-cartao-contentores-caixas-postais\/caixas-estojos-para-envios-postais\/caixas-estojos-com-protecao\/caixa-postal-enchimento-espuma-RAJA-mousse_PDT01406.html\">caixas postais com enchimento de espuma<\/a>.<\/li>\n<\/ul>\n<p><a href=\"https:\/\/www.rajapack.pt\/caixas-cartao-contentores-caixas-postais\/caixas-cartao-altura-variavel-paletizaveis-especificas\/caixas-cartao-telescopicas-altura-variavel_C102020.html\"><img loading=\"lazy\" decoding=\"async\" class=\" wp-image-12333 alignleft\" src=\"https:\/\/www.rajapack.pt\/blog-pt\/wp-content\/uploads\/2021\/10\/embalagens-ecoresponsaveis-1.png\" alt=\"\" width=\"231\" height=\"228\" srcset=\"https:\/\/www.rajapack.pt\/blog-pt\/wp-content\/uploads\/2021\/10\/embalagens-ecoresponsaveis-1.png 300w, https:\/\/www.rajapack.pt\/blog-pt\/wp-content\/uploads\/2021\/10\/embalagens-ecoresponsaveis-1-228x225.png 228w, https:\/\/www.rajapack.pt\/blog-pt\/wp-content\/uploads\/2021\/10\/embalagens-ecoresponsaveis-1-100x100.png 100w\" sizes=\"(max-width: 231px) 100vw, 231px\" \/><\/a><\/p>\n<p><a href=\"https:\/\/www.rajapack.pt\/caixas-cartao-contentores-caixas-postais\/caixas-para-documentos-livros-formato-din_C1050.html\"><img loading=\"lazy\" decoding=\"async\" class=\"wp-image-12335 alignleft\" src=\"https:\/\/www.rajapack.pt\/blog-pt\/wp-content\/uploads\/2021\/10\/embalagens-ecoresponsaveis-2-1-300x300.jpg\" alt=\"\" width=\"231\" height=\"231\" \/><\/a><\/p>\n<p><a href=\"https:\/\/www.rajapack.pt\/caixas-cartao-contentores-caixas-postais\/caixas-estojos-para-envios-postais\/caixas-estojos-com-protecao\/caixa-postal-enchimento-espuma-RAJA-mousse_PDT01406.html\"><img loading=\"lazy\" decoding=\"async\" class=\"alignnone wp-image-12337\" src=\"https:\/\/www.rajapack.pt\/blog-pt\/wp-content\/uploads\/2021\/10\/embalagens-ecoresponsaveis-3-1-300x300.jpg\" alt=\"\" width=\"226\" height=\"226\" \/><\/a><\/p>\n<h2><span class=\"ez-toc-section\" id=\"2_Embalagem_reutilizavel\"><\/span>2. Embalagem reutiliz\u00e1vel<span class=\"ez-toc-section-end\"><\/span><\/h2>\n<p>Igualmente preparadas para oferecerem mais do que um uso, as <a href=\"https:\/\/www.rajapack.pt\/blog-pt\/embalagens\/embalagens-reutilizaveis-vantagens-e-exemplos-de-uso\/\">embalagens reutiliz\u00e1veis<\/a> \u200b\u200bapresentam-se como grandes aliadas da economia circular.<\/p>\n<ul>\n<li><a href=\"https:\/\/www.rajapack.pt\/caixas-cartao-contentores-caixas-postais\/caixas-cartao-caixas-americanas\/caixas-cartao-canelado-fino\/caixa-fundo-automatico-dupla-fita-adesiva_OFF_ES_0629.html\">Caixas<\/a> e <a href=\"https:\/\/www.rajapack.pt\/envelopes-tubos-para-envios\/envelopes-papel-para-correspondencia\/envelopes-papel-kraft\/envelope-kraft-dupla-banda-adesiva_OFF_ES_00795.html\">envelopes<\/a> de &#8220;ida e volta&#8221; para facilitar as devolu\u00e7\u00f5es de e-commerce;<\/li>\n<li>Embalagens Retorn\u00e1veis de Transporte (ERT) e <a href=\"https:\/\/www.rajapack.pt\/filme-paletizacao\/paletes-acessorios-paletizacao\/paletes-plastico_C554012.html\">paletes de pl\u00e1stico<\/a>.<\/li>\n<\/ul>\n<p><a href=\"https:\/\/www.rajapack.pt\/caixas-cartao-contentores-caixas-postais\/caixas-cartao-caixas-americanas\/caixas-cartao-canelado-fino\/caixa-fundo-automatico-dupla-fita-adesiva_OFF_ES_0629.html?SearchCat=natural&amp;SearchQuery=caixa+ida+e+volta&amp;SearchCat=natural&amp;SearchQuery=caixa+ida+e+volta\"><img loading=\"lazy\" decoding=\"async\" class=\" wp-image-12340 alignleft\" src=\"https:\/\/www.rajapack.pt\/blog-pt\/wp-content\/uploads\/2021\/10\/embalagens-ecoresponsaveis-4-300x300.jpg\" alt=\"\" width=\"194\" height=\"194\" \/><\/a><\/p>\n<p><a href=\"https:\/\/www.rajapack.pt\/equipamento-para-armazem-seguranca\/gavetas-armazenamento-caixas-plastico-empilhaveis\/contentores-plastico\/caixa-plastico-encaixavel-tampa_PDT05769.html\"><img loading=\"lazy\" decoding=\"async\" class=\" wp-image-12341 alignleft\" src=\"https:\/\/www.rajapack.pt\/blog-pt\/wp-content\/uploads\/2021\/10\/embalagens-ecoresponsaveis-5-300x300.png\" alt=\"\" width=\"189\" height=\"189\" \/><\/a><\/p>\n<p><a href=\"https:\/\/www.rajapack.pt\/filme-paletizacao\/paletes-acessorios-paletizacao\/paletes-plastico\/palete-plastico-compacto_OFF_ES_0593.html\"><img loading=\"lazy\" decoding=\"async\" class=\" wp-image-12342 alignleft\" src=\"https:\/\/www.rajapack.pt\/blog-pt\/wp-content\/uploads\/2021\/10\/embalagens-ecoresponsaveis-6-300x300.jpg\" alt=\"\" width=\"194\" height=\"194\" \/><\/a><\/p>\n<p>&nbsp;<\/p>\n<p>&nbsp;<\/p>\n<p>&nbsp;<\/p>\n<p>&nbsp;<\/p>\n<p>&nbsp;<\/p>\n<h2><span class=\"ez-toc-section\" id=\"3_Embalagens_alternativas_para_substituir_as_menos_Eco-Responsaveis\"><\/span>3. Embalagens alternativas para substituir as menos Eco-Respons\u00e1veis<span class=\"ez-toc-section-end\"><\/span><\/h2>\n<p>Al\u00e9m disso, as <a href=\"https:\/\/www.rajapack.pt\/blog-pt\/ecologia\/reforce-o-compromisso-ambiental-da-sua-empresa-com-a-embalagem-bio-degradavel\/\">embalagens e produtos \u00e0 base de base biol\u00f3gica<\/a> fabricadas em papel reciclado, cart\u00e3o, de fibras vegetais ou de polietileno s\u00e3o ideais para substituir os pl\u00e1sticos descart\u00e1veis. Por exemplo:<\/p>\n<ul>\n<li><a href=\"https:\/\/www.rajapack.pt\/fitas-adesivas-e-de-cintar\/fitas-adesivas-e-de-cintar-ecologicas_C5085.html\">Fitas adesivas e de cintar ecol\u00f3gicas<\/a>;<\/li>\n<li><a href=\"https:\/\/www.rajapack.pt\/embalagens-enchimento-protecao\/protecao-ecologica_C4080.html\">Filme pl\u00e1stico de bolhas de ar Eco-Respons\u00e1vel<\/a>;<\/li>\n<li><a href=\"https:\/\/www.rajapack.pt\/embalagens-enchimento-protecao\/protecao-ecologica\/papel-cartao_C408010.html\">Papel kraft em rolo ou em folhas;<\/a><\/li>\n<li><a href=\"https:\/\/www.rajapack.pt\/envelopes-tubos-para-envios\/envelopes-cartao-rigido\/envelopes-cartao\/envelope-cartao-rigipack-castanho-fita-adesiva_PDT01213.html\">Envelopes de papel e cart\u00e3o para o envio.<\/a><\/li>\n<\/ul>\n<p><a href=\"https:\/\/www.rajapack.pt\/fitas-adesivas-cintar\/fitas-adesivas-embalagem\/fita-papel-gomado-desenroladores\/fita-papel-gomado-standard-70-gr-m2_PDT01157.html?testclick=T2S\"><img loading=\"lazy\" decoding=\"async\" class=\" wp-image-12345 alignleft\" src=\"https:\/\/www.rajapack.pt\/blog-pt\/wp-content\/uploads\/2021\/10\/embalagens-ecoresponsaveis-7-300x300.jpg\" alt=\"\" width=\"189\" height=\"189\" \/><\/a><\/p>\n<p><a href=\"https:\/\/www.rajapack.pt\/embalagens-enchimento-protecao\/papel-embalagem-cartao\/papel-embalagem-kraft\/papel-kraft-natural-rolo-qualidade-72-gr-m2-rajakraft-super_PDT01638.html\"><img loading=\"lazy\" decoding=\"async\" class=\" wp-image-12346 alignleft\" src=\"https:\/\/www.rajapack.pt\/blog-pt\/wp-content\/uploads\/2021\/10\/embalagens-ecoresponsaveis-8-300x300.jpg\" alt=\"\" width=\"184\" height=\"184\" \/><\/a><\/p>\n<p><a href=\"https:\/\/www.rajapack.pt\/envelopes-tubos-para-envios\/envelopes-cartao-rigido\/envelopes-cartao\/envelope-cartao-rigipack-castanho-fita-adesiva_PDT01213.html\"><img loading=\"lazy\" decoding=\"async\" class=\"alignnone wp-image-12347\" src=\"https:\/\/www.rajapack.pt\/blog-pt\/wp-content\/uploads\/2021\/10\/embalagens-ecoresponsaveis-9-300x221.jpg\" alt=\"\" width=\"250\" height=\"184\" \/><\/a><\/p>\n<h2><span class=\"ez-toc-section\" id=\"4_Embalagem_de_materias-primas_renovaveis\"><\/span>4. Embalagem de mat\u00e9rias-primas renov\u00e1veis<span class=\"ez-toc-section-end\"><\/span><\/h2>\n<p>Sobretudo, as embalagens que s\u00e3o fabricadas com componentes renov\u00e1veis \u200b\u200bn\u00e3o comprometem as reservas de recursos. Nas propostas da RAJA encontrar\u00e1:<\/p>\n<ul>\n<li><a href=\"https:\/\/www.rajapack.pt\/embalagem-alimentar\/embalagem-alimentar-eco-responsavel\/recipientes-amido-milho-cana-de-acucar_C856050.html\">Embalagens e talheres para alimentos feitos com amido de milho<\/a>;<\/li>\n<li><a href=\"https:\/\/www.rajapack.pt\/embalagem-alimentar\/louca-talheres-toalhas-descartaveis\/copos-descartaveis_C854010.html\">Copos biodegrad\u00e1veis \u200b\u200be compost\u00e1veis;<\/a><\/li>\n<li><a href=\"https:\/\/www.rajapack.pt\/filme-paletizacao\/filme-estiravel-pre-estirado-manual\/filme-estiravel-manual-cor\/filme-estiravel-manual-reciclado_OFF_ES_1001.html\">Filme extens\u00edvel manual 80% reciclado;<\/a><\/li>\n<li><a href=\"https:\/\/www.rajapack.pt\/embalagens-enchimento-protecao\/particulas-embalagem-papel-seda\/pipocas-enchimento\/pipocas-embalagem-renature_skuSTORO250.html?SearchCat=suggested&amp;SearchQuery=Chips%20de%20enchimento%20Renature%20%C2%AE\">Chips de enchimento 100% biodegrad\u00e1veis;<\/a><\/li>\n<li><a href=\"https:\/\/www.rajapack.pt\/sacos-acondicionamentos\/sacos-plastico-para-acondicionamento\/sacos-plastico-com-fecho-zip\/saco-transparente-fecho-zip-60-micrones-rajagrip-green_OFF_ES_0560.html\">50% de sacos de pl\u00e1stico reciclados;<\/a><\/li>\n<\/ul>\n<p><a href=\"https:\/\/www.rajapack.pt\/embalagem-alimentar\/caixas-embalagens-alimentacao\/embalagens-take-away-e-delivery\/bandeja-5-compartimentos_OFF_ES_1302.html\"><img loading=\"lazy\" decoding=\"async\" class=\" wp-image-12348 alignleft\" src=\"https:\/\/www.rajapack.pt\/blog-pt\/wp-content\/uploads\/2021\/10\/embalagens-ecoresponsaveis-18-300x300.png\" alt=\"\" width=\"212\" height=\"212\" \/><\/a><\/p>\n<p>&nbsp;<\/p>\n<p><a href=\"https:\/\/www.rajapack.pt\/embalagens-enchimento-protecao\/particulas-embalagem-papel-seda\/pipocas-enchimento\/pipocas-embalagem-renature_skuSTORO250.html?SearchCat=suggested&amp;SearchQuery=Chips%20de%20enchimento%20Renature%20%C2%AE\"><img loading=\"lazy\" decoding=\"async\" class=\"wp-image-12349 alignleft\" src=\"https:\/\/www.rajapack.pt\/blog-pt\/wp-content\/uploads\/2021\/10\/embalagens-ecoresponsaveis-11-300x300.jpg\" alt=\"\" width=\"165\" height=\"165\" \/><\/a><a href=\"https:\/\/www.rajapack.pt\/sacos-acondicionamentos\/sacos-plastico-para-acondicionamento\/sacos-plastico-com-fecho-zip\/saco-transparente-fecho-zip-60-micrones-rajagrip-green_OFF_ES_0560.html\"><img loading=\"lazy\" decoding=\"async\" class=\" wp-image-12350 alignleft\" src=\"https:\/\/www.rajapack.pt\/blog-pt\/wp-content\/uploads\/2021\/10\/embalagens-ecoresponsaveis-12.png\" alt=\"\" width=\"211\" height=\"179\" srcset=\"https:\/\/www.rajapack.pt\/blog-pt\/wp-content\/uploads\/2021\/10\/embalagens-ecoresponsaveis-12.png 300w, https:\/\/www.rajapack.pt\/blog-pt\/wp-content\/uploads\/2021\/10\/embalagens-ecoresponsaveis-12-266x225.png 266w\" sizes=\"(max-width: 211px) 100vw, 211px\" \/><\/a><\/p>\n<p>&nbsp;<\/p>\n<p>&nbsp;<\/p>\n<p>&nbsp;<\/p>\n<p>&nbsp;<\/p>\n<p>&nbsp;<\/p>\n<h2><span class=\"ez-toc-section\" id=\"5_Embalagens_recicladas_e_reciclaveis\"><\/span>5. Embalagens recicladas e recicl\u00e1veis<span class=\"ez-toc-section-end\"><\/span><\/h2>\n<p>Em suma: as embalagens recicladas e recicl\u00e1veis \u200b\u200bs\u00e3o o expoente mais claro da economia circular, pois prov\u00eam de um objeto anterior e, cumprida a sua fun\u00e7\u00e3o, ter\u00e3o novas vidas. Na RAJA, \u00e9 o caso de:<\/p>\n<ul>\n<li><a href=\"https:\/\/www.rajapack.pt\/caixas-cartao-contentores-caixas-postais\/caixas-cartao-caixas-americanas_C1010.html\">Caixas de cart\u00e3o, recicl\u00e1veis \u200bcom alta percentagem;<\/a><\/li>\n<li><a href=\"https:\/\/www.rajapack.pt\/sacos-acondicionamentos\/sacos-plastico-para-acondicionamento\/sacos-plastico-sem-fecho\/saco-plastico-50-micrones-ecologico_OFF_ES_00797.html\">Sacos pl\u00e1sticos ecol\u00f3gicos 100% reciclados;<\/a><\/li>\n<li><a href=\"https:\/\/www.rajapack.pt\/envelopes-tubos-para-envios\/envelopes-papel-para-correspondencia\/envelopes-papel-kraft_C204010.html\">Envelopes de papel Kraft.<\/a><\/li>\n<\/ul>\n<p><img loading=\"lazy\" decoding=\"async\" class=\"wp-image-12352 alignleft\" src=\"https:\/\/www.rajapack.pt\/blog-pt\/wp-content\/uploads\/2021\/10\/embalagens-ecoresponsaveis-13-300x300.jpg\" alt=\"\" width=\"218\" height=\"218\" \/><\/p>\n<p>&nbsp;<\/p>\n<p><a href=\"https:\/\/www.rajapack.pt\/sacos-acondicionamentos\/sacos-plastico-para-acondicionamento\/sacos-plastico-sem-fecho\/saco-plastico-50-micrones-ecologico_OFF_ES_00797.html\"><img loading=\"lazy\" decoding=\"async\" class=\" wp-image-12354 alignleft\" src=\"https:\/\/www.rajapack.pt\/blog-pt\/wp-content\/uploads\/2021\/10\/embalagens-ecoresponsaveis-14-1.png\" alt=\"\" width=\"215\" height=\"189\" srcset=\"https:\/\/www.rajapack.pt\/blog-pt\/wp-content\/uploads\/2021\/10\/embalagens-ecoresponsaveis-14-1.png 300w, https:\/\/www.rajapack.pt\/blog-pt\/wp-content\/uploads\/2021\/10\/embalagens-ecoresponsaveis-14-1-256x225.png 256w\" sizes=\"(max-width: 215px) 100vw, 215px\" \/><\/a><\/p>\n<p><a href=\"https:\/\/www.rajapack.pt\/envelopes-tubos-para-envios\/envelopes-papel-para-correspondencia\/envelopes-papel-kraft\/envelope-kraft-dupla-banda-adesiva_OFF_ES_00795.html\"><img loading=\"lazy\" decoding=\"async\" class=\" wp-image-12355 alignleft\" src=\"https:\/\/www.rajapack.pt\/blog-pt\/wp-content\/uploads\/2021\/10\/embalagens-ecoresponsaveis-15-300x300.jpg\" alt=\"\" width=\"178\" height=\"178\" \/><\/a><\/p>\n<p>&nbsp;<\/p>\n<p>&nbsp;<\/p>\n<p>&nbsp;<\/p>\n<p>&nbsp;<\/p>\n<p>&nbsp;<\/p>\n<p>&nbsp;<\/p>\n<p>Sobretudo, com as <a href=\"https:\/\/www.rajapack.pt\/embalagem-ecologica_cms_000109.html\">embalagens Eco-Respons\u00e1veis<\/a> da RAJA, ajudam a construir um mundo mais sustent\u00e1vel. Ao mesmo tempo, colabore connosco: esperamos que o objetivo n\u00famero 12 dos ODS se torne uma realidade at\u00e9 2030. Est\u00e1 nas nossas m\u00e3os!<\/p>\n","protected":false},"excerpt":{"rendered":"<p>Decerto, que o compromisso da RAJA com o meio ambiente n\u00e3o \u00e9 uma batalha solit\u00e1ria, mas sim uma preocupa\u00e7\u00e3o a n\u00edvel Mundial. Em 2015, a Organiza\u00e7\u00e3o das Na\u00e7\u00f5es Unidas (ONU) [&#8230;]<\/p>\n","protected":false},"author":79,"featured_media":12528,"comment_status":"open","ping_status":"open","sticky":false,"template":"","format":"standard","meta":{"_acf_changed":false,"footnotes":""},"categories":[558],"tags":[561,551],"class_list":["post-12330","post","type-post","status-publish","format-standard","has-post-thumbnail","hentry","category-ecologia","tag-e-commerce","tag-embalagens"],"acf":[],"yoast_head":"\n<title>EMBALAGENS ECO-RESPONS\u00c1VEIS: O COMPROMISSO AMBIENTAL<\/title>\n<meta name=\"description\" content=\"Quer tornar o seu neg\u00f3cio mais sustent\u00e1vel para com o ambiente? Na RAJA apresentamos-lhe algumas solu\u00e7\u00f5es mais ecol\u00f3gicas.\" \/>\n<meta name=\"robots\" content=\"index, follow, max-snippet:-1, max-image-preview:large, max-video-preview:-1\" \/>\n<link rel=\"canonical\" href=\"https:\/\/www.rajapack.pt\/blog-pt\/ecologia\/embalagens-eco-responsaveis-o-compromisso-ambiental\" \/>\n<meta property=\"og:locale\" content=\"pt_PT\" \/>\n<meta property=\"og:type\" content=\"article\" \/>\n<meta property=\"og:title\" content=\"EMBALAGENS ECO-RESPONS\u00c1VEIS: O COMPROMISSO AMBIENTAL\" \/>\n<meta property=\"og:description\" content=\"Quer tornar o seu neg\u00f3cio mais sustent\u00e1vel para com o ambiente? Na RAJA apresentamos-lhe algumas solu\u00e7\u00f5es mais ecol\u00f3gicas.\" \/>\n<meta property=\"og:url\" content=\"https:\/\/www.rajapack.pt\/blog-pt\/ecologia\/embalagens-eco-responsaveis-o-compromisso-ambiental\" \/>\n<meta property=\"og:site_name\" content=\"Tudo para embalagem | Rajapack\" \/>\n<meta property=\"article:published_time\" content=\"2021-11-24T09:39:19+00:00\" \/>\n<meta property=\"og:image\" content=\"https:\/\/www.rajapack.pt\/blog-pt\/wp-content\/uploads\/2021\/10\/raja-ods-compromiso.jpg\" \/>\n\t<meta property=\"og:image:width\" content=\"850\" \/>\n\t<meta property=\"og:image:height\" content=\"450\" \/>\n\t<meta property=\"og:image:type\" content=\"image\/jpeg\" \/>\n<meta name=\"author\" content=\"Artur SILVA\" \/>\n<meta name=\"twitter:card\" content=\"summary_large_image\" \/>\n<meta name=\"twitter:label1\" content=\"Escrito por\" \/>\n\t<meta name=\"twitter:data1\" content=\"Artur SILVA\" \/>\n\t<meta name=\"twitter:label2\" content=\"Tempo estimado de leitura\" \/>\n\t<meta name=\"twitter:data2\" content=\"8 minutos\" \/>\n<script type=\"application\/ld+json\" class=\"yoast-schema-graph\">{\n\t    \"@context\": \"https:\/\/schema.org\",\n\t    \"@graph\": [\n\t        {\n\t            \"@type\": \"WebPage\",\n\t            \"@id\": \"https:\/\/www.rajapack.pt\/blog-pt\/ecologia\/embalagens-eco-responsaveis-o-compromisso-ambiental\",\n\t            \"url\": \"https:\/\/www.rajapack.pt\/blog-pt\/ecologia\/embalagens-eco-responsaveis-o-compromisso-ambiental\",\n\t            \"name\": \"EMBALAGENS ECO-RESPONS\u00c1VEIS: O COMPROMISSO AMBIENTAL\",\n\t            \"isPartOf\": {\n\t                \"@id\": \"https:\/\/www.rajapack.pt\/blog-pt\/#website\"\n\t            },\n\t            \"primaryImageOfPage\": {\n\t                \"@id\": \"https:\/\/www.rajapack.pt\/blog-pt\/ecologia\/embalagens-eco-responsaveis-o-compromisso-ambiental#primaryimage\"\n\t            },\n\t            \"image\": {\n\t                \"@id\": \"https:\/\/www.rajapack.pt\/blog-pt\/ecologia\/embalagens-eco-responsaveis-o-compromisso-ambiental#primaryimage\"\n\t            },\n\t            \"thumbnailUrl\": \"https:\/\/www.rajapack.pt\/blog-pt\/wp-content\/uploads\/2021\/10\/raja-ods-compromiso.jpg\",\n\t            \"datePublished\": \"2021-11-24T09:39:19+00:00\",\n\t            \"dateModified\": \"2021-11-24T09:39:19+00:00\",\n\t            \"author\": {\n\t                \"@id\": \"https:\/\/www.rajapack.pt\/blog-pt\/#\/schema\/person\/df462f28a2c85574b59591ba9eebc6a3\"\n\t            },\n\t            \"description\": \"Quer tornar o seu neg\u00f3cio mais sustent\u00e1vel para com o ambiente? Na RAJA apresentamos-lhe algumas solu\u00e7\u00f5es mais ecol\u00f3gicas.\",\n\t            \"inLanguage\": \"pt-PT\",\n\t            \"potentialAction\": [\n\t                {\n\t                    \"@type\": \"ReadAction\",\n\t                    \"target\": [\n\t                        \"https:\/\/www.rajapack.pt\/blog-pt\/ecologia\/embalagens-eco-responsaveis-o-compromisso-ambiental\"\n\t                    ]\n\t                }\n\t            ]\n\t        },\n\t        {\n\t            \"@type\": \"ImageObject\",\n\t            \"inLanguage\": \"pt-PT\",\n\t            \"@id\": \"https:\/\/www.rajapack.pt\/blog-pt\/ecologia\/embalagens-eco-responsaveis-o-compromisso-ambiental#primaryimage\",\n\t            \"url\": \"https:\/\/www.rajapack.pt\/blog-pt\/wp-content\/uploads\/2021\/10\/raja-ods-compromiso.jpg\",\n\t            \"contentUrl\": \"https:\/\/www.rajapack.pt\/blog-pt\/wp-content\/uploads\/2021\/10\/raja-ods-compromiso.jpg\",\n\t            \"width\": 850,\n\t            \"height\": 450\n\t        },\n\t        {\n\t            \"@type\": \"WebSite\",\n\t            \"@id\": \"https:\/\/www.rajapack.pt\/blog-pt\/#website\",\n\t            \"url\": \"https:\/\/www.rajapack.pt\/blog-pt\/\",\n\t            \"name\": \"Tudo para embalagem | Rajapack\",\n\t            \"description\": \"O seu blog para Embalagens, Log\u00edstica e muito mais\",\n\t            \"potentialAction\": [\n\t                {\n\t                    \"@type\": \"SearchAction\",\n\t                    \"target\": {\n\t                        \"@type\": \"EntryPoint\",\n\t                        \"urlTemplate\": \"https:\/\/www.rajapack.pt\/blog-pt\/?s={search_term_string}\"\n\t                    },\n\t                    \"query-input\": \"required name=search_term_string\"\n\t                }\n\t            ],\n\t            \"inLanguage\": \"pt-PT\"\n\t        },\n\t        {\n\t            \"@type\": \"Person\",\n\t            \"@id\": \"https:\/\/www.rajapack.pt\/blog-pt\/#\/schema\/person\/df462f28a2c85574b59591ba9eebc6a3\",\n\t            \"name\": \"Artur SILVA\",\n\t            \"image\": {\n\t                \"@type\": \"ImageObject\",\n\t                \"inLanguage\": \"pt-PT\",\n\t                \"@id\": \"https:\/\/www.rajapack.pt\/blog-pt\/#\/schema\/person\/image\/\",\n\t                \"url\": \"https:\/\/secure.gravatar.com\/avatar\/a8064c2c43611a0253a12dd4e2cebb25?s=96&d=mm&r=g\",\n\t                \"contentUrl\": \"https:\/\/secure.gravatar.com\/avatar\/a8064c2c43611a0253a12dd4e2cebb25?s=96&d=mm&r=g\",\n\t                \"caption\": \"Artur SILVA\"\n\t            },\n\t            \"description\": \"RAJAPACK PT\",\n\t            \"url\": \"https:\/\/www.rajapack.pt\/blog-pt\/author\/asilvarajapack-pt\"\n\t        }\n\t    ]\n\t}<\/script>\n","yoast_head_json":{"title":"EMBALAGENS ECO-RESPONS\u00c1VEIS: O COMPROMISSO AMBIENTAL","description":"Quer tornar o seu neg\u00f3cio mais sustent\u00e1vel para com o ambiente? Na RAJA apresentamos-lhe algumas solu\u00e7\u00f5es mais ecol\u00f3gicas.","robots":{"index":"index","follow":"follow","max-snippet":"max-snippet:-1","max-image-preview":"max-image-preview:large","max-video-preview":"max-video-preview:-1"},"canonical":"https:\/\/www.rajapack.pt\/blog-pt\/ecologia\/embalagens-eco-responsaveis-o-compromisso-ambiental","og_locale":"pt_PT","og_type":"article","og_title":"EMBALAGENS ECO-RESPONS\u00c1VEIS: O COMPROMISSO AMBIENTAL","og_description":"Quer tornar o seu neg\u00f3cio mais sustent\u00e1vel para com o ambiente? Na RAJA apresentamos-lhe algumas solu\u00e7\u00f5es mais ecol\u00f3gicas.","og_url":"https:\/\/www.rajapack.pt\/blog-pt\/ecologia\/embalagens-eco-responsaveis-o-compromisso-ambiental","og_site_name":"Tudo para embalagem | Rajapack","article_published_time":"2021-11-24T09:39:19+00:00","og_image":[{"width":850,"height":450,"url":"https:\/\/www.rajapack.pt\/blog-pt\/wp-content\/uploads\/2021\/10\/raja-ods-compromiso.jpg","type":"image\/jpeg"}],"author":"Artur SILVA","twitter_card":"summary_large_image","twitter_misc":{"Escrito por":"Artur SILVA","Tempo estimado de leitura":"8 minutos"},"schema":{"@context":"https:\/\/schema.org","@graph":[{"@type":"WebPage","@id":"https:\/\/www.rajapack.pt\/blog-pt\/ecologia\/embalagens-eco-responsaveis-o-compromisso-ambiental","url":"https:\/\/www.rajapack.pt\/blog-pt\/ecologia\/embalagens-eco-responsaveis-o-compromisso-ambiental","name":"EMBALAGENS ECO-RESPONS\u00c1VEIS: O COMPROMISSO AMBIENTAL","isPartOf":{"@id":"https:\/\/www.rajapack.pt\/blog-pt\/#website"},"primaryImageOfPage":{"@id":"https:\/\/www.rajapack.pt\/blog-pt\/ecologia\/embalagens-eco-responsaveis-o-compromisso-ambiental#primaryimage"},"image":{"@id":"https:\/\/www.rajapack.pt\/blog-pt\/ecologia\/embalagens-eco-responsaveis-o-compromisso-ambiental#primaryimage"},"thumbnailUrl":"https:\/\/www.rajapack.pt\/blog-pt\/wp-content\/uploads\/2021\/10\/raja-ods-compromiso.jpg","datePublished":"2021-11-24T09:39:19+00:00","dateModified":"2021-11-24T09:39:19+00:00","author":{"@id":"https:\/\/www.rajapack.pt\/blog-pt\/#\/schema\/person\/df462f28a2c85574b59591ba9eebc6a3"},"description":"Quer tornar o seu neg\u00f3cio mais sustent\u00e1vel para com o ambiente? Na RAJA apresentamos-lhe algumas solu\u00e7\u00f5es mais ecol\u00f3gicas.","inLanguage":"pt-PT","potentialAction":[{"@type":"ReadAction","target":["https:\/\/www.rajapack.pt\/blog-pt\/ecologia\/embalagens-eco-responsaveis-o-compromisso-ambiental"]}]},{"@type":"ImageObject","inLanguage":"pt-PT","@id":"https:\/\/www.rajapack.pt\/blog-pt\/ecologia\/embalagens-eco-responsaveis-o-compromisso-ambiental#primaryimage","url":"https:\/\/www.rajapack.pt\/blog-pt\/wp-content\/uploads\/2021\/10\/raja-ods-compromiso.jpg","contentUrl":"https:\/\/www.rajapack.pt\/blog-pt\/wp-content\/uploads\/2021\/10\/raja-ods-compromiso.jpg","width":850,"height":450},{"@type":"WebSite","@id":"https:\/\/www.rajapack.pt\/blog-pt\/#website","url":"https:\/\/www.rajapack.pt\/blog-pt\/","name":"Tudo para embalagem | Rajapack","description":"O seu blog para Embalagens, Log\u00edstica e muito mais","potentialAction":[{"@type":"SearchAction","target":{"@type":"EntryPoint","urlTemplate":"https:\/\/www.rajapack.pt\/blog-pt\/?s={search_term_string}"},"query-input":"required name=search_term_string"}],"inLanguage":"pt-PT"},{"@type":"Person","@id":"https:\/\/www.rajapack.pt\/blog-pt\/#\/schema\/person\/df462f28a2c85574b59591ba9eebc6a3","name":"Artur SILVA","image":{"@type":"ImageObject","inLanguage":"pt-PT","@id":"https:\/\/www.rajapack.pt\/blog-pt\/#\/schema\/person\/image\/","url":"https:\/\/secure.gravatar.com\/avatar\/a8064c2c43611a0253a12dd4e2cebb25?s=96&d=mm&r=g","contentUrl":"https:\/\/secure.gravatar.com\/avatar\/a8064c2c43611a0253a12dd4e2cebb25?s=96&d=mm&r=g","caption":"Artur SILVA"},"description":"RAJAPACK PT","url":"https:\/\/www.rajapack.pt\/blog-pt\/author\/asilvarajapack-pt"}]}},"_links":{"self":[{"href":"https:\/\/www.rajapack.pt\/blog-pt\/wp-json\/wp\/v2\/posts\/12330"}],"collection":[{"href":"https:\/\/www.rajapack.pt\/blog-pt\/wp-json\/wp\/v2\/posts"}],"about":[{"href":"https:\/\/www.rajapack.pt\/blog-pt\/wp-json\/wp\/v2\/types\/post"}],"author":[{"embeddable":true,"href":"https:\/\/www.rajapack.pt\/blog-pt\/wp-json\/wp\/v2\/users\/79"}],"replies":[{"embeddable":true,"href":"https:\/\/www.rajapack.pt\/blog-pt\/wp-json\/wp\/v2\/comments?post=12330"}],"version-history":[{"count":0,"href":"https:\/\/www.rajapack.pt\/blog-pt\/wp-json\/wp\/v2\/posts\/12330\/revisions"}],"wp:featuredmedia":[{"embeddable":true,"href":"https:\/\/www.rajapack.pt\/blog-pt\/wp-json\/wp\/v2\/media\/12528"}],"wp:attachment":[{"href":"https:\/\/www.rajapack.pt\/blog-pt\/wp-json\/wp\/v2\/media?parent=12330"}],"wp:term":[{"taxonomy":"category","embeddable":true,"href":"https:\/\/www.rajapack.pt\/blog-pt\/wp-json\/wp\/v2\/categories?post=12330"},{"taxonomy":"post_tag","embeddable":true,"href":"https:\/\/www.rajapack.pt\/blog-pt\/wp-json\/wp\/v2\/tags?post=12330"}],"curies":[{"name":"wp","href":"https:\/\/api.w.org\/{rel}","templated":true}]}}