{"id":12381,"date":"2022-02-16T07:21:47","date_gmt":"2022-02-16T07:21:47","guid":{"rendered":"https:\/\/www.rajapack.pt\/blog-pt\/?p=12381"},"modified":"2022-02-16T07:22:44","modified_gmt":"2022-02-16T07:22:44","slug":"logistica-verde-para-um-armazem-eco-responsavel","status":"publish","type":"post","link":"https:\/\/www.rajapack.pt\/blog-pt\/e-commerce\/logistica-verde-para-um-armazem-eco-responsavel","title":{"rendered":"LOG\u00cdSTICA VERDE PARA UM ARMAZ\u00c9M ECO-RESPONS\u00c1VEL"},"content":{"rendered":"<div id=\"ez-toc-container\" class=\"ez-toc-v2_0_67_1 counter-hierarchy ez-toc-counter ez-toc-grey ez-toc-container-direction\">\n<div class=\"ez-toc-title-container\">\n<p class=\"ez-toc-title \" >Table of Contents<\/p>\n<span class=\"ez-toc-title-toggle\"><a href=\"#\" class=\"ez-toc-pull-right ez-toc-btn ez-toc-btn-xs ez-toc-btn-default ez-toc-toggle\" aria-label=\"Toggle Table of Content\"><span class=\"ez-toc-js-icon-con\"><span class=\"\"><span class=\"eztoc-hide\" style=\"display:none;\">Toggle<\/span><span class=\"ez-toc-icon-toggle-span\"><svg style=\"fill: #999;color:#999\" xmlns=\"http:\/\/www.w3.org\/2000\/svg\" class=\"list-377408\" width=\"20px\" height=\"20px\" viewBox=\"0 0 24 24\" fill=\"none\"><path d=\"M6 6H4v2h2V6zm14 0H8v2h12V6zM4 11h2v2H4v-2zm16 0H8v2h12v-2zM4 16h2v2H4v-2zm16 0H8v2h12v-2z\" fill=\"currentColor\"><\/path><\/svg><svg style=\"fill: #999;color:#999\" class=\"arrow-unsorted-368013\" xmlns=\"http:\/\/www.w3.org\/2000\/svg\" width=\"10px\" height=\"10px\" viewBox=\"0 0 24 24\" version=\"1.2\" baseProfile=\"tiny\"><path d=\"M18.2 9.3l-6.2-6.3-6.2 6.3c-.2.2-.3.4-.3.7s.1.5.3.7c.2.2.4.3.7.3h11c.3 0 .5-.1.7-.3.2-.2.3-.5.3-.7s-.1-.5-.3-.7zM5.8 14.7l6.2 6.3 6.2-6.3c.2-.2.3-.5.3-.7s-.1-.5-.3-.7c-.2-.2-.4-.3-.7-.3h-11c-.3 0-.5.1-.7.3-.2.2-.3.5-.3.7s.1.5.3.7z\"\/><\/svg><\/span><\/span><\/span><\/a><\/span><\/div>\n<nav><ul class='ez-toc-list ez-toc-list-level-1 ' ><li class='ez-toc-page-1 ez-toc-heading-level-2'><a class=\"ez-toc-link ez-toc-heading-1\" href=\"https:\/\/www.rajapack.pt\/blog-pt\/e-commerce\/logistica-verde-para-um-armazem-eco-responsavel\/#Logistica_verde\" title=\"Log\u00edstica verde\">Log\u00edstica verde<\/a><\/li><li class='ez-toc-page-1 ez-toc-heading-level-2'><a class=\"ez-toc-link ez-toc-heading-2\" href=\"https:\/\/www.rajapack.pt\/blog-pt\/e-commerce\/logistica-verde-para-um-armazem-eco-responsavel\/#1_Otimize_a_gestao_de_stock_e_o_picking\" title=\"1. Otimize a gest\u00e3o de stock e o picking\">1. Otimize a gest\u00e3o de stock e o picking<\/a><\/li><li class='ez-toc-page-1 ez-toc-heading-level-2'><a class=\"ez-toc-link ez-toc-heading-3\" href=\"https:\/\/www.rajapack.pt\/blog-pt\/e-commerce\/logistica-verde-para-um-armazem-eco-responsavel\/#2_Reduzir_o_consumo_de_energia_nas_operacoes_do_seu_armazem\" title=\"2. Reduzir o consumo de energia nas opera\u00e7\u00f5es do seu armaz\u00e9m\">2. Reduzir o consumo de energia nas opera\u00e7\u00f5es do seu armaz\u00e9m<\/a><\/li><li class='ez-toc-page-1 ez-toc-heading-level-2'><a class=\"ez-toc-link ez-toc-heading-4\" href=\"https:\/\/www.rajapack.pt\/blog-pt\/e-commerce\/logistica-verde-para-um-armazem-eco-responsavel\/#3_Implementar_processos_de_reciclagem_de_acordo_com_a_logistica_verde\" title=\"3. Implementar processos de reciclagem de acordo com a log\u00edstica verde\">3. Implementar processos de reciclagem de acordo com a log\u00edstica verde<\/a><\/li><li class='ez-toc-page-1 ez-toc-heading-level-2'><a class=\"ez-toc-link ez-toc-heading-5\" href=\"https:\/\/www.rajapack.pt\/blog-pt\/e-commerce\/logistica-verde-para-um-armazem-eco-responsavel\/#4_De_uma_segunda_vida_aos_produtos_devolvidos_e_danificados\" title=\"4. D\u00ea uma segunda vida aos produtos devolvidos e danificados\">4. D\u00ea uma segunda vida aos produtos devolvidos e danificados<\/a><\/li><li class='ez-toc-page-1 ez-toc-heading-level-2'><a class=\"ez-toc-link ez-toc-heading-6\" href=\"https:\/\/www.rajapack.pt\/blog-pt\/e-commerce\/logistica-verde-para-um-armazem-eco-responsavel\/#5_Adote_uma_politica_de_embalagem_Eco-Responsavel_para_a_sua_logistica_verde\" title=\"5. Adote uma pol\u00edtica de embalagem Eco-Respons\u00e1vel para a sua log\u00edstica verde\">5. Adote uma pol\u00edtica de embalagem Eco-Respons\u00e1vel para a sua log\u00edstica verde<\/a><\/li><\/ul><\/nav><\/div>\n<h2><span class=\"ez-toc-section\" id=\"Logistica_verde\"><\/span>Log\u00edstica verde<span class=\"ez-toc-section-end\"><\/span><\/h2>\n<p>Antes de tudo, a <strong>log\u00edstica verde<\/strong> \u00e9 uma abordagem estrat\u00e9gica que visa reduzir o impacto ambiental de cada uma das tarefas da cadeia de abastecimento, desde a sua produ\u00e7\u00e3o \u00e0 distribui\u00e7\u00e3o e ao seu <a href=\"https:\/\/www.rajapack.pt\/blog-pt\/logistica\/como-implementar-uma-estrategia-de-transporte-de-produtos-eco-responsaveis\/\">transporte<\/a>. Desta forma, dentro de um <strong>armaz\u00e9m<\/strong>, existe uma grande preocupa\u00e7\u00e3o pela sustentabilidade. Tenta-se ao m\u00e1ximo reduzir a gest\u00e3o dos res\u00edduos, ao diminuir as despesas da energia e proporcionando um relacionamento mais Eco-Respons\u00e1vel com os fornecedores e com os clientes.<\/p>\n<p>Principalmente, a pol\u00edtica das <strong>embalagens e a separa\u00e7\u00e3o das encomendas<\/strong> desempenha um papel fundamental na log\u00edstica verde. Assim, na RAJA queremos ajud\u00e1-lo a apostar nesta nova conce\u00e7\u00e3o da atividade empresarial com <strong>5 dicas para tornar o seu armaz\u00e9m mais Eco-Respons\u00e1vel<\/strong>. Portanto, por qual vai come\u00e7ar?<\/p>\n<h2><span class=\"ez-toc-section\" id=\"1_Otimize_a_gestao_de_stock_e_o_picking\"><\/span>1. Otimize a gest\u00e3o de stock e o <em>picking<\/em><span class=\"ez-toc-section-end\"><\/span><\/h2>\n<p>Encontrar um modelo de <strong>gest\u00e3o de stock eficiente<\/strong> que permita atingir os seus objetivos com o m\u00ednimo de gastos de energia e o m\u00ednimo de movimento \u00e9 essencial para uma log\u00edstica verde. Ao passo que ao otimizar este aspeto, estamos a concentrar-nos em melhorar o planeamento de <em>picking.<\/em> Ou seja, conseguimos economizar espa\u00e7o no nosso armaz\u00e9m e automatizar processos para atender aos princ\u00edpios da log\u00edstica 4.0. Mas acima de tudo, estaremos a organizar da melhor forma a localiza\u00e7\u00e3o dos produtos. Portanto, um dos m\u00e9todos mais utilizados para este trabalho \u00e9 o <strong>sistema ABC<\/strong>, que classifica os artigos em tr\u00eas categorias. Por exemplo:<\/p>\n<ul>\n<li><strong>Alta rota\u00e7\u00e3o (A)<\/strong>. Os produtos mais procurados do armaz\u00e9m. Devem de ser colocados nas esta\u00e7\u00f5es de embalagem e na \u00e1rea de embarque;<\/li>\n<li><strong>Rota\u00e7\u00e3o m\u00e9dia (B)<\/strong>. Produtos com um manuseamento regular, mas inferior aos atribu\u00eddos das altas rota\u00e7\u00f5es (A);<\/li>\n<li><strong>Baixa rota\u00e7\u00e3o (C)<\/strong>. Produtos pouco solicitados. Podem, assim, ser colocados nas \u00e1reas que s\u00e3o menos acess\u00edveis aos operadores.<\/li>\n<\/ul>\n<p>Deste modo e a um n\u00edvel pr\u00e1tico, \u00e9 aconselh\u00e1vel ter em considera\u00e7\u00e3o mais dois aspetos:<\/p>\n<ul>\n<li>As <strong>mercadorias pesadas<\/strong> devem de estar localizadas na parte inferior das prateleiras para facilitar o seu manuseio e evitar acidentes no armaz\u00e9m;<\/li>\n<li><strong><img loading=\"lazy\" decoding=\"async\" class=\"wp-image-12385 alignright\" style=\"font-weight: 400;\" src=\"https:\/\/www.rajapack.pt\/blog-pt\/wp-content\/uploads\/2021\/10\/logistica-verde-1.jpg\" alt=\"\" width=\"254\" height=\"254\" srcset=\"https:\/\/www.rajapack.pt\/blog-pt\/wp-content\/uploads\/2021\/10\/logistica-verde-1.jpg 300w, https:\/\/www.rajapack.pt\/blog-pt\/wp-content\/uploads\/2021\/10\/logistica-verde-1-150x150.jpg 150w, https:\/\/www.rajapack.pt\/blog-pt\/wp-content\/uploads\/2021\/10\/logistica-verde-1-120x120.jpg 120w, https:\/\/www.rajapack.pt\/blog-pt\/wp-content\/uploads\/2021\/10\/logistica-verde-1-225x225.jpg 225w, https:\/\/www.rajapack.pt\/blog-pt\/wp-content\/uploads\/2021\/10\/logistica-verde-1-100x100.jpg 100w\" sizes=\"(max-width: 254px) 100vw, 254px\" \/><\/strong>O manuseamento varia conforme se trabalhamos, ou n\u00e3o, com produtos perec\u00edveis ou com uma sazonalidade muito marcada. Em sectores como a alimenta\u00e7\u00e3o ou a moda utiliza-se o <strong>sistema \u00a0FIFO<\/strong> (First In, First Out). No entanto, em produtos cujo valor n\u00e3o se degrada com o tempo, um <strong>crit\u00e9rio LIFO<\/strong> (Last In, First Out) \u00e9 mais eficaz.<\/li>\n<\/ul>\n<h2><span class=\"ez-toc-section\" id=\"2_Reduzir_o_consumo_de_energia_nas_operacoes_do_seu_armazem\"><\/span>2. Reduzir o consumo de energia nas opera\u00e7\u00f5es do seu armaz\u00e9m<span class=\"ez-toc-section-end\"><\/span><\/h2>\n<p><strong>Afinal consumir menos energia<\/strong> n\u00e3o \u00e9 bom apenas para o meio ambiente, mas tamb\u00e9m reduz os custos das empresas. Decerto que na log\u00edstica verde, temos duas maneiras de aplicar a Eco-Responsabilidade na otimiza\u00e7\u00e3o das despesas de energia do seu armaz\u00e9m:<\/p>\n<ul>\n<li><strong>Escolher um sistema de design e constru\u00e7\u00e3o sustent\u00e1vel;<\/strong><\/li>\n<li><strong>Renovar as suas instala\u00e7\u00f5es com crit\u00e9rios sustent\u00e1veis.<\/strong> Trocar as luzes por LED, optar por fontes renov\u00e1veis \u200b\u200bde abastecimento e refor\u00e7ar o isolamento para diminuir o custo do ar condicionado ter\u00e1 um efeito muito positivo.<\/li>\n<\/ul>\n<h2><span class=\"ez-toc-section\" id=\"3_Implementar_processos_de_reciclagem_de_acordo_com_a_logistica_verde\"><\/span>3. Implementar processos de reciclagem de acordo com a log\u00edstica verde<span class=\"ez-toc-section-end\"><\/span><\/h2>\n<p>Em suma, a log\u00edstica verde oferece um grande papel \u00e0 <a href=\"https:\/\/www.rajapack.pt\/meio-ambiente\/reciclagem-residuos\">reciclagem<\/a>. Al\u00e9m disso, existem diversos dispositivos legais que determinam que as empresas desenvolvam planos de <a href=\"https:\/\/www.rajapack.pt\/meio-ambiente\/recolha-seletiva\">gest\u00e3o de res\u00edduos<\/a> que garantam higiene, seguran\u00e7a e cuidado para com o meio ambiente.<\/p>\n<p><img loading=\"lazy\" decoding=\"async\" class=\" wp-image-12386 aligncenter\" src=\"https:\/\/www.rajapack.pt\/blog-pt\/wp-content\/uploads\/2021\/10\/logistica-verde-2-300x208.jpg\" alt=\"\" width=\"472\" height=\"327\" \/><\/p>\n<p>No armaz\u00e9m, o b\u00e1sico \u00e9 implementar um sistema de triagem e <a href=\"https:\/\/www.rajapack.pt\/meio-ambiente\/recolha-seletiva-residuos\">recolha seletiva<\/a> adaptada \u00e0s necessidades da entidade respons\u00e1vel pela gest\u00e3o de res\u00edduos. Assim e como regra geral, <strong>os res\u00edduos podem separar-se em quatro grandes grupos:<\/strong><\/p>\n<ul>\n<li>Papel e cart\u00e3o;<\/li>\n<li>Pl\u00e1stico;<\/li>\n<li>Vidro;<\/li>\n<li>Metal.<\/li>\n<\/ul>\n<p>Todavia, ficam de parte todos os produtos qu\u00edmicos e res\u00edduos perigosos, que requerem um armazenamento e tratamento especializados.<\/p>\n<p>No nosso <a href=\"https:\/\/www.rajapack.pt\/\">website<\/a> encontrar\u00e1 uma grande variedade de <a href=\"https:\/\/www.rajapack.pt\/limpeza-higiene\/gestao-recolha-residuos\/sacos-lixo_C752010.html\">sacos<\/a>, <a href=\"https:\/\/www.rajapack.pt\/limpeza-higiene\/gestao-recolha-residuos\/baldes-suportes-para-sacos-lixo\/balde-lixo-tampa-basculante-pedal_PDT17584.html\">baldes<\/a> e <a href=\"https:\/\/www.rajapack.pt\/limpeza-higiene\/gestao-recolha-residuos\/baldes-suportes-para-sacos-lixo_C752020.html\">suportes para a gest\u00e3o e recolha de res\u00edduos<\/a> que ir\u00e3o apoiar as suas iniciativas de reciclagem dentro da log\u00edstica verde.<\/p>\n<h2><span class=\"ez-toc-section\" id=\"4_De_uma_segunda_vida_aos_produtos_devolvidos_e_danificados\"><\/span>4. D\u00ea uma segunda vida aos produtos devolvidos e danificados<span class=\"ez-toc-section-end\"><\/span><\/h2>\n<p>Al\u00e9m de estabelecer o controle de qualidade para <strong>reduzir o n\u00famero das devolu\u00e7\u00f5es e otimizar a log\u00edstica inversa<\/strong>, a log\u00edstica verde atribui uma grande import\u00e2ncia ao tratamento das embalagens que s\u00e3o devolvidas e aos produtos danificados ou de dif\u00edcil comercializa\u00e7\u00e3o. Por exemplo, considere algumas sugest\u00f5es para dar uma segunda vida a esses produtos:<\/p>\n<ul>\n<li>Desenvolver a pol\u00edtica de <strong>Responsabilidade Social Corporativa (RSC)<\/strong> atrav\u00e9s de doa\u00e7\u00f5es para projetos sociais;<\/li>\n<li><strong>Corrigir os incidentes que impossibilitam a sua venda<\/strong> e devolu\u00e7\u00e3o ao mercado, atrav\u00e9s do canal habitual ou atrav\u00e9s de outros canais de marketing de qualidades inferiores;<\/li>\n<li><strong>Reutilizar alguns dos componentes ou materiais<\/strong> para a fabrica\u00e7\u00e3o de outros produtos, semelhantes ou diferentes do original.<\/li>\n<\/ul>\n<h2><span class=\"ez-toc-section\" id=\"5_Adote_uma_politica_de_embalagem_Eco-Responsavel_para_a_sua_logistica_verde\"><\/span>5. Adote uma pol\u00edtica de embalagem Eco-Respons\u00e1vel para a sua log\u00edstica verde<span class=\"ez-toc-section-end\"><\/span><\/h2>\n<p><strong>A embalagem Eco-Respons\u00e1vel<\/strong> insere-se na log\u00edstica verde no armaz\u00e9m. Na RAJA, abordamos com bastante frequ\u00eancia os<a href=\"https:\/\/www.rajapack.pt\/meio-ambiente\/5R-reducao-residuos\"> 5R&#8217;s da embalagem<\/a> para o <a href=\"https:\/\/www.rajapack.pt\/meio-ambiente\">cuidado do meio ambiente<\/a>. Recorda-se<a href=\"https:\/\/www.rajapack.pt\/caixas-cartao-contentores-caixas-postais\/caixas-cartao-caixas-americanas\/caixas-cartao-canelado-fino\/caixa-fundo-automatico-dupla-fita-adesiva_OFF_ES_0629.html\"><img loading=\"lazy\" decoding=\"async\" class=\"size-medium wp-image-12388 alignright\" src=\"https:\/\/www.rajapack.pt\/blog-pt\/wp-content\/uploads\/2021\/10\/logistica-verde-4-300x300.jpg\" alt=\"\" width=\"300\" height=\"300\" \/><\/a>?<\/p>\n<ul>\n<li><strong>Reduza<\/strong> o peso e o volume da embalagem. Tratam-se de produtos que viajam protegidos sem cair no excesso de embalagens;<\/li>\n<li><strong>Reutilizar<\/strong>, uma tarefa que fica mais f\u00e1cil com a embalagem de <a href=\"https:\/\/www.rajapack.pt\/INTERSHOP\/web\/WFS\/RAJA-PT-Site\/pt_PT\/-\/EUR\/ViewParametricSearch-SimpleOfferSearch?SearchTerm=ida+e+volta&amp;SearchCat=natural&amp;SearchQuery=ida+e+volta&amp;search=\">&#8220;ida e volta&#8221;<\/a> que facilita a gest\u00e3o das devolu\u00e7\u00f5es;<\/li>\n<li><strong>Repor<\/strong> as embalagens mais poluentes por alternativas Eco-Respons\u00e1veis, recicladas ou recicl\u00e1veis;<\/li>\n<li><strong>Renovar<\/strong> o stock de embalagens, priorizando op\u00e7\u00f5es feitas atrav\u00e9s de mat\u00e9rias-primas renov\u00e1veis \u200b\u200bou de <a href=\"https:\/\/www.rajapack.pt\/blog-pt\/ecologia\/reforce-o-compromisso-ambiental-da-sua-empresa-com-a-embalagem-bio-degradavel\/\">base biol\u00f3gica<\/a>;<\/li>\n<li><strong>Reciclar<\/strong>, contribuindo assim para a economia circular.<\/li>\n<\/ul>\n<p>Em suma: J\u00e1 anotou as nossas <strong>ideias para implementar uma log\u00edstica verde no seu armaz\u00e9m?<\/strong> Bem, ent\u00e3o agora \u00e9 hora de come\u00e7ar a trabalhar. Na RAJA iremos acompanh\u00e1-lo\/a com o nosso cat\u00e1logo de <a href=\"https:\/\/www.rajapack.pt\/embalagem-ecologica_cms_000109.html\">embalagens Eco-Respons\u00e1veis<\/a>, a melhor solu\u00e7\u00e3o para reduzir o impacto ambiental da sua atividade empresarial. Conte connosco!<\/p>\n<p><a href=\"https:\/\/www.rajapack.pt\/embalagem-ecologica_cms_000109.html\"><img loading=\"lazy\" decoding=\"async\" class=\"aligncenter wp-image-12387 size-full\" src=\"https:\/\/www.rajapack.pt\/blog-pt\/wp-content\/uploads\/2021\/10\/logistica-verde-5.jpg\" alt=\"\" width=\"700\" height=\"203\" srcset=\"https:\/\/www.rajapack.pt\/blog-pt\/wp-content\/uploads\/2021\/10\/logistica-verde-5.jpg 700w, https:\/\/www.rajapack.pt\/blog-pt\/wp-content\/uploads\/2021\/10\/logistica-verde-5-430x125.jpg 430w, https:\/\/www.rajapack.pt\/blog-pt\/wp-content\/uploads\/2021\/10\/logistica-verde-5-375x109.jpg 375w\" sizes=\"(max-width: 700px) 100vw, 700px\" \/><\/a><\/p>\n<p>&nbsp;<\/p>\n","protected":false},"excerpt":{"rendered":"<p>Log\u00edstica verde Antes de tudo, a log\u00edstica verde \u00e9 uma abordagem estrat\u00e9gica que visa reduzir o impacto ambiental de cada uma das tarefas da cadeia de abastecimento, desde a sua [&#8230;]<\/p>\n","protected":false},"author":79,"featured_media":12384,"comment_status":"open","ping_status":"open","sticky":false,"template":"","format":"standard","meta":{"_acf_changed":false,"footnotes":""},"categories":[562],"tags":[553,557],"class_list":["post-12381","post","type-post","status-publish","format-standard","has-post-thumbnail","hentry","category-e-commerce","tag-ecologia","tag-logistica"],"acf":[],"yoast_head":"\n<title>LOG\u00cdSTICA VERDE PARA UM ARMAZ\u00c9M ECO-RESPONS\u00c1VEL<\/title>\n<meta name=\"description\" content=\"A log\u00edstica verde \u00e9 uma estrat\u00e9gia que visa reduzir o impacto ambiental. Implemente-a no seu armaz\u00e9m e torne o seu neg\u00f3cio mais sustent\u00e1vel.\" \/>\n<meta name=\"robots\" content=\"index, follow, max-snippet:-1, max-image-preview:large, max-video-preview:-1\" \/>\n<link rel=\"canonical\" href=\"https:\/\/www.rajapack.pt\/blog-pt\/e-commerce\/logistica-verde-para-um-armazem-eco-responsavel\" \/>\n<meta property=\"og:locale\" content=\"pt_PT\" \/>\n<meta property=\"og:type\" content=\"article\" \/>\n<meta property=\"og:title\" content=\"LOG\u00cdSTICA VERDE PARA UM ARMAZ\u00c9M ECO-RESPONS\u00c1VEL\" \/>\n<meta property=\"og:description\" content=\"A log\u00edstica verde \u00e9 uma estrat\u00e9gia que visa reduzir o impacto ambiental. Implemente-a no seu armaz\u00e9m e torne o seu neg\u00f3cio mais sustent\u00e1vel.\" \/>\n<meta property=\"og:url\" content=\"https:\/\/www.rajapack.pt\/blog-pt\/e-commerce\/logistica-verde-para-um-armazem-eco-responsavel\" \/>\n<meta property=\"og:site_name\" content=\"Tudo para embalagem | Rajapack\" \/>\n<meta property=\"article:published_time\" content=\"2022-02-16T07:21:47+00:00\" \/>\n<meta property=\"article:modified_time\" content=\"2022-02-16T07:22:44+00:00\" \/>\n<meta property=\"og:image\" content=\"https:\/\/www.rajapack.pt\/blog-pt\/wp-content\/uploads\/2021\/10\/logistica-verde.jpg\" \/>\n\t<meta property=\"og:image:width\" content=\"850\" \/>\n\t<meta property=\"og:image:height\" content=\"450\" \/>\n\t<meta property=\"og:image:type\" content=\"image\/jpeg\" \/>\n<meta name=\"author\" content=\"Artur SILVA\" \/>\n<meta name=\"twitter:card\" content=\"summary_large_image\" \/>\n<meta name=\"twitter:label1\" content=\"Escrito por\" \/>\n\t<meta name=\"twitter:data1\" content=\"Artur SILVA\" \/>\n\t<meta name=\"twitter:label2\" content=\"Tempo estimado de leitura\" \/>\n\t<meta name=\"twitter:data2\" content=\"5 minutos\" \/>\n<script type=\"application\/ld+json\" class=\"yoast-schema-graph\">{\n\t    \"@context\": \"https:\/\/schema.org\",\n\t    \"@graph\": [\n\t        {\n\t            \"@type\": \"WebPage\",\n\t            \"@id\": \"https:\/\/www.rajapack.pt\/blog-pt\/e-commerce\/logistica-verde-para-um-armazem-eco-responsavel\",\n\t            \"url\": \"https:\/\/www.rajapack.pt\/blog-pt\/e-commerce\/logistica-verde-para-um-armazem-eco-responsavel\",\n\t            \"name\": \"LOG\u00cdSTICA VERDE PARA UM ARMAZ\u00c9M ECO-RESPONS\u00c1VEL\",\n\t            \"isPartOf\": {\n\t                \"@id\": \"https:\/\/www.rajapack.pt\/blog-pt\/#website\"\n\t            },\n\t            \"primaryImageOfPage\": {\n\t                \"@id\": \"https:\/\/www.rajapack.pt\/blog-pt\/e-commerce\/logistica-verde-para-um-armazem-eco-responsavel#primaryimage\"\n\t            },\n\t            \"image\": {\n\t                \"@id\": \"https:\/\/www.rajapack.pt\/blog-pt\/e-commerce\/logistica-verde-para-um-armazem-eco-responsavel#primaryimage\"\n\t            },\n\t            \"thumbnailUrl\": \"https:\/\/www.rajapack.pt\/blog-pt\/wp-content\/uploads\/2021\/10\/logistica-verde.jpg\",\n\t            \"datePublished\": \"2022-02-16T07:21:47+00:00\",\n\t            \"dateModified\": \"2022-02-16T07:22:44+00:00\",\n\t            \"author\": {\n\t                \"@id\": \"https:\/\/www.rajapack.pt\/blog-pt\/#\/schema\/person\/df462f28a2c85574b59591ba9eebc6a3\"\n\t            },\n\t            \"description\": \"A log\u00edstica verde \u00e9 uma estrat\u00e9gia que visa reduzir o impacto ambiental. Implemente-a no seu armaz\u00e9m e torne o seu neg\u00f3cio mais sustent\u00e1vel.\",\n\t            \"inLanguage\": \"pt-PT\",\n\t            \"potentialAction\": [\n\t                {\n\t                    \"@type\": \"ReadAction\",\n\t                    \"target\": [\n\t                        \"https:\/\/www.rajapack.pt\/blog-pt\/e-commerce\/logistica-verde-para-um-armazem-eco-responsavel\"\n\t                    ]\n\t                }\n\t            ]\n\t        },\n\t        {\n\t            \"@type\": \"ImageObject\",\n\t            \"inLanguage\": \"pt-PT\",\n\t            \"@id\": \"https:\/\/www.rajapack.pt\/blog-pt\/e-commerce\/logistica-verde-para-um-armazem-eco-responsavel#primaryimage\",\n\t            \"url\": \"https:\/\/www.rajapack.pt\/blog-pt\/wp-content\/uploads\/2021\/10\/logistica-verde.jpg\",\n\t            \"contentUrl\": \"https:\/\/www.rajapack.pt\/blog-pt\/wp-content\/uploads\/2021\/10\/logistica-verde.jpg\",\n\t            \"width\": 850,\n\t            \"height\": 450\n\t        },\n\t        {\n\t            \"@type\": \"WebSite\",\n\t            \"@id\": \"https:\/\/www.rajapack.pt\/blog-pt\/#website\",\n\t            \"url\": \"https:\/\/www.rajapack.pt\/blog-pt\/\",\n\t            \"name\": \"Tudo para embalagem | Rajapack\",\n\t            \"description\": \"O seu blog para Embalagens, Log\u00edstica e muito mais\",\n\t            \"potentialAction\": [\n\t                {\n\t                    \"@type\": \"SearchAction\",\n\t                    \"target\": {\n\t                        \"@type\": \"EntryPoint\",\n\t                        \"urlTemplate\": \"https:\/\/www.rajapack.pt\/blog-pt\/?s={search_term_string}\"\n\t                    },\n\t                    \"query-input\": \"required name=search_term_string\"\n\t                }\n\t            ],\n\t            \"inLanguage\": \"pt-PT\"\n\t        },\n\t        {\n\t            \"@type\": \"Person\",\n\t            \"@id\": \"https:\/\/www.rajapack.pt\/blog-pt\/#\/schema\/person\/df462f28a2c85574b59591ba9eebc6a3\",\n\t            \"name\": \"Artur SILVA\",\n\t            \"image\": {\n\t                \"@type\": \"ImageObject\",\n\t                \"inLanguage\": \"pt-PT\",\n\t                \"@id\": \"https:\/\/www.rajapack.pt\/blog-pt\/#\/schema\/person\/image\/\",\n\t                \"url\": \"https:\/\/secure.gravatar.com\/avatar\/a8064c2c43611a0253a12dd4e2cebb25?s=96&d=mm&r=g\",\n\t                \"contentUrl\": \"https:\/\/secure.gravatar.com\/avatar\/a8064c2c43611a0253a12dd4e2cebb25?s=96&d=mm&r=g\",\n\t                \"caption\": \"Artur SILVA\"\n\t            },\n\t            \"description\": \"RAJAPACK PT\",\n\t            \"url\": \"https:\/\/www.rajapack.pt\/blog-pt\/author\/asilvarajapack-pt\"\n\t        }\n\t    ]\n\t}<\/script>\n","yoast_head_json":{"title":"LOG\u00cdSTICA VERDE PARA UM ARMAZ\u00c9M ECO-RESPONS\u00c1VEL","description":"A log\u00edstica verde \u00e9 uma estrat\u00e9gia que visa reduzir o impacto ambiental. Implemente-a no seu armaz\u00e9m e torne o seu neg\u00f3cio mais sustent\u00e1vel.","robots":{"index":"index","follow":"follow","max-snippet":"max-snippet:-1","max-image-preview":"max-image-preview:large","max-video-preview":"max-video-preview:-1"},"canonical":"https:\/\/www.rajapack.pt\/blog-pt\/e-commerce\/logistica-verde-para-um-armazem-eco-responsavel","og_locale":"pt_PT","og_type":"article","og_title":"LOG\u00cdSTICA VERDE PARA UM ARMAZ\u00c9M ECO-RESPONS\u00c1VEL","og_description":"A log\u00edstica verde \u00e9 uma estrat\u00e9gia que visa reduzir o impacto ambiental. Implemente-a no seu armaz\u00e9m e torne o seu neg\u00f3cio mais sustent\u00e1vel.","og_url":"https:\/\/www.rajapack.pt\/blog-pt\/e-commerce\/logistica-verde-para-um-armazem-eco-responsavel","og_site_name":"Tudo para embalagem | Rajapack","article_published_time":"2022-02-16T07:21:47+00:00","article_modified_time":"2022-02-16T07:22:44+00:00","og_image":[{"width":850,"height":450,"url":"https:\/\/www.rajapack.pt\/blog-pt\/wp-content\/uploads\/2021\/10\/logistica-verde.jpg","type":"image\/jpeg"}],"author":"Artur SILVA","twitter_card":"summary_large_image","twitter_misc":{"Escrito por":"Artur SILVA","Tempo estimado de leitura":"5 minutos"},"schema":{"@context":"https:\/\/schema.org","@graph":[{"@type":"WebPage","@id":"https:\/\/www.rajapack.pt\/blog-pt\/e-commerce\/logistica-verde-para-um-armazem-eco-responsavel","url":"https:\/\/www.rajapack.pt\/blog-pt\/e-commerce\/logistica-verde-para-um-armazem-eco-responsavel","name":"LOG\u00cdSTICA VERDE PARA UM ARMAZ\u00c9M ECO-RESPONS\u00c1VEL","isPartOf":{"@id":"https:\/\/www.rajapack.pt\/blog-pt\/#website"},"primaryImageOfPage":{"@id":"https:\/\/www.rajapack.pt\/blog-pt\/e-commerce\/logistica-verde-para-um-armazem-eco-responsavel#primaryimage"},"image":{"@id":"https:\/\/www.rajapack.pt\/blog-pt\/e-commerce\/logistica-verde-para-um-armazem-eco-responsavel#primaryimage"},"thumbnailUrl":"https:\/\/www.rajapack.pt\/blog-pt\/wp-content\/uploads\/2021\/10\/logistica-verde.jpg","datePublished":"2022-02-16T07:21:47+00:00","dateModified":"2022-02-16T07:22:44+00:00","author":{"@id":"https:\/\/www.rajapack.pt\/blog-pt\/#\/schema\/person\/df462f28a2c85574b59591ba9eebc6a3"},"description":"A log\u00edstica verde \u00e9 uma estrat\u00e9gia que visa reduzir o impacto ambiental. Implemente-a no seu armaz\u00e9m e torne o seu neg\u00f3cio mais sustent\u00e1vel.","inLanguage":"pt-PT","potentialAction":[{"@type":"ReadAction","target":["https:\/\/www.rajapack.pt\/blog-pt\/e-commerce\/logistica-verde-para-um-armazem-eco-responsavel"]}]},{"@type":"ImageObject","inLanguage":"pt-PT","@id":"https:\/\/www.rajapack.pt\/blog-pt\/e-commerce\/logistica-verde-para-um-armazem-eco-responsavel#primaryimage","url":"https:\/\/www.rajapack.pt\/blog-pt\/wp-content\/uploads\/2021\/10\/logistica-verde.jpg","contentUrl":"https:\/\/www.rajapack.pt\/blog-pt\/wp-content\/uploads\/2021\/10\/logistica-verde.jpg","width":850,"height":450},{"@type":"WebSite","@id":"https:\/\/www.rajapack.pt\/blog-pt\/#website","url":"https:\/\/www.rajapack.pt\/blog-pt\/","name":"Tudo para embalagem | Rajapack","description":"O seu blog para Embalagens, Log\u00edstica e muito mais","potentialAction":[{"@type":"SearchAction","target":{"@type":"EntryPoint","urlTemplate":"https:\/\/www.rajapack.pt\/blog-pt\/?s={search_term_string}"},"query-input":"required name=search_term_string"}],"inLanguage":"pt-PT"},{"@type":"Person","@id":"https:\/\/www.rajapack.pt\/blog-pt\/#\/schema\/person\/df462f28a2c85574b59591ba9eebc6a3","name":"Artur SILVA","image":{"@type":"ImageObject","inLanguage":"pt-PT","@id":"https:\/\/www.rajapack.pt\/blog-pt\/#\/schema\/person\/image\/","url":"https:\/\/secure.gravatar.com\/avatar\/a8064c2c43611a0253a12dd4e2cebb25?s=96&d=mm&r=g","contentUrl":"https:\/\/secure.gravatar.com\/avatar\/a8064c2c43611a0253a12dd4e2cebb25?s=96&d=mm&r=g","caption":"Artur SILVA"},"description":"RAJAPACK PT","url":"https:\/\/www.rajapack.pt\/blog-pt\/author\/asilvarajapack-pt"}]}},"_links":{"self":[{"href":"https:\/\/www.rajapack.pt\/blog-pt\/wp-json\/wp\/v2\/posts\/12381"}],"collection":[{"href":"https:\/\/www.rajapack.pt\/blog-pt\/wp-json\/wp\/v2\/posts"}],"about":[{"href":"https:\/\/www.rajapack.pt\/blog-pt\/wp-json\/wp\/v2\/types\/post"}],"author":[{"embeddable":true,"href":"https:\/\/www.rajapack.pt\/blog-pt\/wp-json\/wp\/v2\/users\/79"}],"replies":[{"embeddable":true,"href":"https:\/\/www.rajapack.pt\/blog-pt\/wp-json\/wp\/v2\/comments?post=12381"}],"version-history":[{"count":0,"href":"https:\/\/www.rajapack.pt\/blog-pt\/wp-json\/wp\/v2\/posts\/12381\/revisions"}],"wp:featuredmedia":[{"embeddable":true,"href":"https:\/\/www.rajapack.pt\/blog-pt\/wp-json\/wp\/v2\/media\/12384"}],"wp:attachment":[{"href":"https:\/\/www.rajapack.pt\/blog-pt\/wp-json\/wp\/v2\/media?parent=12381"}],"wp:term":[{"taxonomy":"category","embeddable":true,"href":"https:\/\/www.rajapack.pt\/blog-pt\/wp-json\/wp\/v2\/categories?post=12381"},{"taxonomy":"post_tag","embeddable":true,"href":"https:\/\/www.rajapack.pt\/blog-pt\/wp-json\/wp\/v2\/tags?post=12381"}],"curies":[{"name":"wp","href":"https:\/\/api.w.org\/{rel}","templated":true}]}}