{"id":12820,"date":"2022-05-26T09:38:47","date_gmt":"2022-05-26T08:38:47","guid":{"rendered":"https:\/\/www.rajapack.pt\/blog-pt\/?p=12820"},"modified":"2022-05-26T09:38:47","modified_gmt":"2022-05-26T08:38:47","slug":"otimizacao-de-embalagens-e-packaging-mais-sustentavel","status":"publish","type":"post","link":"https:\/\/www.rajapack.pt\/blog-pt\/embalagens\/otimizacao-de-embalagens-e-packaging-mais-sustentavel","title":{"rendered":"OTIMIZA\u00c7\u00c3O DE EMBALAGENS E PACKAGING MAIS SUSTENT\u00c1VEL"},"content":{"rendered":"<p>Tem um neg\u00f3cio? Preocupa-se com o meio ambiente? Gostaria de otimizar as suas embalagens? Com este artigo, conhe\u00e7a o caminho para tornar o seu packaging mais racional e sustent\u00e1vel. Sobretudo, todos n\u00f3s queremos que as compras online sejam r\u00e1pidas e econ\u00f3micas. E, al\u00e9m disso, exigimos que os produtos cheguem \u00e0 nossa casa o mais cedo poss\u00edvel e em perfeitas condi\u00e7\u00f5es. Assim, os nossos desejos como consumidores s\u00e3o, \u00e0 primeira vista, incompat\u00edveis com a preserva\u00e7\u00e3o do meio ambiente e com a racionaliza\u00e7\u00e3o dos processos de distribui\u00e7\u00e3o das encomendas. No entanto, nasceu um conceito que defende a satisfa\u00e7\u00e3o do cliente de e-commerce, sem prescindir da sustentabilidade: <strong>a otimiza\u00e7\u00e3o das embalagens.<\/strong><\/p>\n<p><strong>Portanto, o que \u00e9 a otimiza\u00e7\u00e3o da embalagem?<\/strong><br \/>\nA otimiza\u00e7\u00e3o da embalagem \u00e9 um processo que procura <strong>utilizar a embalagem adequada, para cada produto,<\/strong> de acordo com as suas caracter\u00edsticas, as suas necessidades de conserva\u00e7\u00e3o e o percurso que far\u00e1 at\u00e9 ser entregue ao cliente final. Para fazer isso, ele \u00e9 baseado em tr\u00eas princ\u00edpios:<\/p>\n<ul>\n<li><strong>Minimalismo: <\/strong>ser\u00e3o utilizados os formatos de embalagem e o enchimento certo, nas quantidades e nos volumes adequados, de acordo com cada tipo de encomenda;<\/li>\n<li><strong>Seguran\u00e7a:<\/strong> verificar sempre que os produtos, a serem transportados, est\u00e3o bem protegidos e se ir\u00e3o chegar ao seu destino nas melhores condi\u00e7\u00f5es;<\/li>\n<li><strong>Sustentabilidade:<\/strong> optar por solu\u00e7\u00f5es de embalagens recicl\u00e1veis \u200b\u200be ecologicamente corretas.<\/li>\n<\/ul>\n<p><img loading=\"lazy\" decoding=\"async\" class=\"aligncenter wp-image-12822 \" src=\"https:\/\/www.rajapack.pt\/blog-pt\/wp-content\/uploads\/2021\/11\/embalagens-packging-sustentavel.jpg\" alt=\"\" width=\"353\" height=\"235\" \/><\/p>\n<div id=\"ez-toc-container\" class=\"ez-toc-v2_0_67_1 counter-hierarchy ez-toc-counter ez-toc-grey ez-toc-container-direction\">\n<div class=\"ez-toc-title-container\">\n<p class=\"ez-toc-title \" >Table of Contents<\/p>\n<span class=\"ez-toc-title-toggle\"><a href=\"#\" class=\"ez-toc-pull-right ez-toc-btn ez-toc-btn-xs ez-toc-btn-default ez-toc-toggle\" aria-label=\"Toggle Table of Content\"><span class=\"ez-toc-js-icon-con\"><span class=\"\"><span class=\"eztoc-hide\" style=\"display:none;\">Toggle<\/span><span class=\"ez-toc-icon-toggle-span\"><svg style=\"fill: #999;color:#999\" xmlns=\"http:\/\/www.w3.org\/2000\/svg\" class=\"list-377408\" width=\"20px\" height=\"20px\" viewBox=\"0 0 24 24\" fill=\"none\"><path d=\"M6 6H4v2h2V6zm14 0H8v2h12V6zM4 11h2v2H4v-2zm16 0H8v2h12v-2zM4 16h2v2H4v-2zm16 0H8v2h12v-2z\" fill=\"currentColor\"><\/path><\/svg><svg style=\"fill: #999;color:#999\" class=\"arrow-unsorted-368013\" xmlns=\"http:\/\/www.w3.org\/2000\/svg\" width=\"10px\" height=\"10px\" viewBox=\"0 0 24 24\" version=\"1.2\" baseProfile=\"tiny\"><path d=\"M18.2 9.3l-6.2-6.3-6.2 6.3c-.2.2-.3.4-.3.7s.1.5.3.7c.2.2.4.3.7.3h11c.3 0 .5-.1.7-.3.2-.2.3-.5.3-.7s-.1-.5-.3-.7zM5.8 14.7l6.2 6.3 6.2-6.3c.2-.2.3-.5.3-.7s-.1-.5-.3-.7c-.2-.2-.4-.3-.7-.3h-11c-.3 0-.5.1-.7.3-.2.2-.3.5-.3.7s.1.5.3.7z\"\/><\/svg><\/span><\/span><\/span><\/a><\/span><\/div>\n<nav><ul class='ez-toc-list ez-toc-list-level-1 ' ><li class='ez-toc-page-1 ez-toc-heading-level-2'><a class=\"ez-toc-link ez-toc-heading-1\" href=\"https:\/\/www.rajapack.pt\/blog-pt\/embalagens\/otimizacao-de-embalagens-e-packaging-mais-sustentavel\/#Porque_deve_de_otimizar_as_suas_embalagens\" title=\"Porque deve de otimizar as suas embalagens?\">Porque deve de otimizar as suas embalagens?<\/a><\/li><li class='ez-toc-page-1 ez-toc-heading-level-2'><a class=\"ez-toc-link ez-toc-heading-2\" href=\"https:\/\/www.rajapack.pt\/blog-pt\/embalagens\/otimizacao-de-embalagens-e-packaging-mais-sustentavel\/#Como_conseguir_a_otimizacao_da_embalagem\" title=\"Como conseguir a otimiza\u00e7\u00e3o da embalagem\">Como conseguir a otimiza\u00e7\u00e3o da embalagem<\/a><\/li><li class='ez-toc-page-1 ez-toc-heading-level-2'><a class=\"ez-toc-link ez-toc-heading-3\" href=\"https:\/\/www.rajapack.pt\/blog-pt\/embalagens\/otimizacao-de-embalagens-e-packaging-mais-sustentavel\/#1_Reduzir_a_utilizacao_de_embalagens_nao_reciclaveis\" title=\"1. Reduzir a utiliza\u00e7\u00e3o de embalagens n\u00e3o recicl\u00e1veis\">1. Reduzir a utiliza\u00e7\u00e3o de embalagens n\u00e3o recicl\u00e1veis<\/a><\/li><li class='ez-toc-page-1 ez-toc-heading-level-2'><a class=\"ez-toc-link ez-toc-heading-4\" href=\"https:\/\/www.rajapack.pt\/blog-pt\/embalagens\/otimizacao-de-embalagens-e-packaging-mais-sustentavel\/#2_De_prioridade_as_opcoes_de_embalagens_reciclaveis\" title=\"2. D\u00ea prioridade \u00e0s op\u00e7\u00f5es de embalagens recicl\u00e1veis\">2. D\u00ea prioridade \u00e0s op\u00e7\u00f5es de embalagens recicl\u00e1veis<\/a><\/li><li class='ez-toc-page-1 ez-toc-heading-level-2'><a class=\"ez-toc-link ez-toc-heading-5\" href=\"https:\/\/www.rajapack.pt\/blog-pt\/embalagens\/otimizacao-de-embalagens-e-packaging-mais-sustentavel\/#Elimine_o_excesso_de_embalagem\" title=\"Elimine o excesso de embalagem\">Elimine o excesso de embalagem<\/a><\/li><li class='ez-toc-page-1 ez-toc-heading-level-2'><a class=\"ez-toc-link ez-toc-heading-6\" href=\"https:\/\/www.rajapack.pt\/blog-pt\/embalagens\/otimizacao-de-embalagens-e-packaging-mais-sustentavel\/#4_Substitua_os_plasticos_por_alternativas_mais_sustentaveis\" title=\"4. Substitua os pl\u00e1sticos por alternativas mais sustent\u00e1veis\">4. Substitua os pl\u00e1sticos por alternativas mais sustent\u00e1veis<\/a><\/li><li class='ez-toc-page-1 ez-toc-heading-level-2'><a class=\"ez-toc-link ez-toc-heading-7\" href=\"https:\/\/www.rajapack.pt\/blog-pt\/embalagens\/otimizacao-de-embalagens-e-packaging-mais-sustentavel\/#Exemplos_de_otimizacao_de_embalagens_Amazon_Day_para_usuarios_Prime\" title=\"Exemplos de otimiza\u00e7\u00e3o de embalagens: Amazon Day para usu\u00e1rios Prime\">Exemplos de otimiza\u00e7\u00e3o de embalagens: Amazon Day para usu\u00e1rios Prime<\/a><\/li><\/ul><\/nav><\/div>\n<h2><span class=\"ez-toc-section\" id=\"Porque_deve_de_otimizar_as_suas_embalagens\"><\/span>Porque deve de otimizar as suas embalagens?<span class=\"ez-toc-section-end\"><\/span><\/h2>\n<p>Os volumes de cart\u00e3o, pl\u00e1stico, entre outros, que se destinam a embalar os produtos t\u00eam vindo a aumentar nas \u00faltimas d\u00e9cadas. Segundo os dados dos <a href=\"https:\/\/www.epa.gov\/facts-and-figures-about-materials-waste-and-recycling\/containers-and-packaging-product-specific-data\">United States Environmental Protection Agency,<\/a> <strong>s\u00f3 nos Estados Unidos as embalagens e os res\u00edduos das embalagens gerados a cada ano aumentaram 185% entre 1960 e 2015.<\/strong> Nada menos que 27 a 78 milh\u00f5es de toneladas por ano, das quais, felizmente, cerca de metade s\u00e3o reciclados.<\/p>\n<p>Nesse sentido, para acabar com esta espiral de multiplica\u00e7\u00e3o de res\u00edduos, extremamente nociva para o ambiente, \u00e9 imposta a obriga\u00e7\u00e3o de tomar medidas. Com a otimiza\u00e7\u00e3o das embalagens, \u00e9 poss\u00edvel reduzir os custos das embalagens e minimizar o impacto que as atividades de distribui\u00e7\u00e3o t\u00eam no meio ambiente.<\/p>\n<h2><span class=\"ez-toc-section\" id=\"Como_conseguir_a_otimizacao_da_embalagem\"><\/span>Como conseguir a otimiza\u00e7\u00e3o da embalagem<span class=\"ez-toc-section-end\"><\/span><\/h2>\n<p>Conseguir a otimiza\u00e7\u00e3o das embalagens, no seu e-commerce, envolve a implementa\u00e7\u00e3o de v\u00e1rias a\u00e7\u00f5es que afetam toda a cadeia da prepara\u00e7\u00e3o das suas encomendas. S\u00e3o portanto:<\/p>\n<h2><span class=\"ez-toc-section\" id=\"1_Reduzir_a_utilizacao_de_embalagens_nao_reciclaveis\"><\/span>1. Reduzir a utiliza\u00e7\u00e3o de embalagens n\u00e3o recicl\u00e1veis<span class=\"ez-toc-section-end\"><\/span><\/h2>\n<p>Por exemplo, em rela\u00e7\u00e3o \u00e0 otimiza\u00e7\u00e3o das embalagens, \u00e9 melhor dispensar totalmente ou, pelo menos, restringir a utiliza\u00e7\u00e3o de produtos que n\u00e3o sejam biodegrad\u00e1veis \u200b\u200bou que n\u00e3o possam ter uma segunda vida. Tente controlar o seu consumo ao preparar as suas encomendas.<\/p>\n<h2><span class=\"ez-toc-section\" id=\"2_De_prioridade_as_opcoes_de_embalagens_reciclaveis\"><\/span>2. D\u00ea prioridade \u00e0s op\u00e7\u00f5es de embalagens recicl\u00e1veis<span class=\"ez-toc-section-end\"><\/span><\/h2>\n<p>Atualmente, um grande n\u00famero de marcas internacionais partilha o mesmo objetivo: <strong>utilizar apenas embalagens 100% recicl\u00e1veis\u200b, nos pr\u00f3ximos anos<\/strong>. \u00c9 o caso do Walmart ou da Mondelez, que se prop\u00f4s a atingir este objetivo at\u00e9 2025.<\/p>\n<h2><span class=\"ez-toc-section\" id=\"Elimine_o_excesso_de_embalagem\"><\/span>Elimine o excesso de embalagem<span class=\"ez-toc-section-end\"><\/span><\/h2>\n<p>O excesso de embalagens prejudica a imagem da sua marca e faz com que sejam tamb\u00e9m um desperd\u00edcio. Para evitar isso, pode tornar o trabalho dos seus operadores mais f\u00e1cil, apresentando propostas de embalagens vers\u00e1teis e que economizem tempo. Por exemplo: considere as <a href=\"https:\/\/www.rajapack.pt\/caixas-cartao-contentores-caixas-postais\/caixas-para-documentos-livros-formato-din\/caixas-cartao-formato-a4\/caixa-cartao-canelado-fino-ajustavel-altura-variabox-formato-a4_OFF_ES_0240.html\">caixas de altura vari\u00e1vel<\/a>.<\/p>\n<p><a href=\"https:\/\/www.rajapack.pt\/caixas-cartao-contentores-caixas-postais\/caixas-para-documentos-livros-formato-din\/caixas-cartao-formato-a4\/caixa-cartao-canelado-fino-ajustavel-altura-variabox-formato-a4_OFF_ES_0240.html\"><img loading=\"lazy\" decoding=\"async\" class=\"aligncenter wp-image-12821 size-full\" src=\"https:\/\/www.rajapack.pt\/blog-pt\/wp-content\/uploads\/2021\/11\/embalagens-packging-sustentavel-2.png\" alt=\"\" width=\"300\" height=\"296\" srcset=\"https:\/\/www.rajapack.pt\/blog-pt\/wp-content\/uploads\/2021\/11\/embalagens-packging-sustentavel-2.png 300w, https:\/\/www.rajapack.pt\/blog-pt\/wp-content\/uploads\/2021\/11\/embalagens-packging-sustentavel-2-228x225.png 228w, https:\/\/www.rajapack.pt\/blog-pt\/wp-content\/uploads\/2021\/11\/embalagens-packging-sustentavel-2-100x100.png 100w\" sizes=\"(max-width: 300px) 100vw, 300px\" \/><\/a><\/p>\n<h2><span class=\"ez-toc-section\" id=\"4_Substitua_os_plasticos_por_alternativas_mais_sustentaveis\"><\/span>4. Substitua os pl\u00e1sticos por alternativas mais sustent\u00e1veis<span class=\"ez-toc-section-end\"><\/span><\/h2>\n<p>Antes de tudo, a UE tem vindo a tomar medidas para proibir a comercializa\u00e7\u00e3o de pl\u00e1sticos descart\u00e1veis. Em s\u00edntese: pratos, copos, palhinhas, talheres, entre outros objetos. O objetivo \u00e9, portanto, reduzir o pl\u00e1stico nos oceanos, onde esses res\u00edduos levam d\u00e9cadas para se decompor.<\/p>\n<p>Nesse sentido, o sector das embalagens tamb\u00e9m tem grande responsabilidade, pois consome sozinho 40% dos pl\u00e1sticos que hoje s\u00e3o fabricados. Como resultado, para reduzir essa depend\u00eancia do pl\u00e1stico, na RAJA, dispomos de uma grande variedade de <a href=\"https:\/\/www.rajapack.pt\/embalagem-ecologica_cms_000109.html\">embalagens ecologicamente respons\u00e1veis<\/a>.<\/p>\n<h2><span class=\"ez-toc-section\" id=\"Exemplos_de_otimizacao_de_embalagens_Amazon_Day_para_usuarios_Prime\"><\/span>Exemplos de otimiza\u00e7\u00e3o de embalagens: Amazon Day para usu\u00e1rios Prime<span class=\"ez-toc-section-end\"><\/span><\/h2>\n<p>Para al\u00e9m de intervir diretamente na embalagem, a otimiza\u00e7\u00e3o da embalagem exige que um e-commerce <strong>agrupe os produtos<\/strong> e os entregue aos seus clientes <strong>numa \u00fanica embalagem<\/strong>. Desta forma, o consumo das caixas de cart\u00e3o, da fita adesiva ou dos materiais de enchimento \u00e9 bastante ponderado.<\/p>\n<p>Para promover essa pr\u00e1tica, a Amazon implementou um servi\u00e7o exclusivo para clientes Prime, o Amazon Day. Este servi\u00e7o, permite escolher um determinado dia da semana para receber todas as encomendas que foram feitas na plataforma nos dias anteriores. Desta forma, o armaz\u00e9m pode embalar v\u00e1rios produtos juntos.<\/p>\n<p>Comece a otimizar as embalagens do seu e-commerce: os seus clientes, o meio ambiente e os seus resultados financeiros v\u00e3o agradecer. Visite o nosso <a href=\"https:\/\/www.rajapack.pt\/\"><em>website<\/em><\/a> e descubra toda a nossa gama.<\/p>\n<p><img loading=\"lazy\" decoding=\"async\" class=\"aligncenter wp-image-12823 size-full\" src=\"https:\/\/www.rajapack.pt\/blog-pt\/wp-content\/uploads\/2021\/11\/embalagens-packging-sustentavel-3.jpg\" alt=\"\" width=\"300\" height=\"200\" \/><\/p>\n","protected":false},"excerpt":{"rendered":"<p>Tem um neg\u00f3cio? Preocupa-se com o meio ambiente? Gostaria de otimizar as suas embalagens? Com este artigo, conhe\u00e7a o caminho para tornar o seu packaging mais racional e sustent\u00e1vel. Sobretudo, [&#8230;]<\/p>\n","protected":false},"author":79,"featured_media":12959,"comment_status":"open","ping_status":"open","sticky":false,"template":"","format":"standard","meta":{"_acf_changed":false,"footnotes":""},"categories":[556],"tags":[561,553],"class_list":["post-12820","post","type-post","status-publish","format-standard","has-post-thumbnail","hentry","category-embalagens","tag-e-commerce","tag-ecologia"],"acf":[],"yoast_head":"\n<title>OTIMIZA\u00c7\u00c3O DE EMBALAGENS E PACKAGING MAIS SUSTENT\u00c1VEL<\/title>\n<meta name=\"description\" content=\"Sabia que \u00e9 poss\u00edvel otimizar as suas embalagens? Conhe\u00e7a o caminho para um packaging mais racional e sustent\u00e1vel.\" \/>\n<meta name=\"robots\" content=\"index, follow, max-snippet:-1, max-image-preview:large, max-video-preview:-1\" \/>\n<link rel=\"canonical\" href=\"https:\/\/www.rajapack.pt\/blog-pt\/embalagens\/otimizacao-de-embalagens-e-packaging-mais-sustentavel\" \/>\n<meta property=\"og:locale\" content=\"pt_PT\" \/>\n<meta property=\"og:type\" content=\"article\" \/>\n<meta property=\"og:title\" content=\"OTIMIZA\u00c7\u00c3O DE EMBALAGENS E PACKAGING MAIS SUSTENT\u00c1VEL\" \/>\n<meta property=\"og:description\" content=\"Sabia que \u00e9 poss\u00edvel otimizar as suas embalagens? Conhe\u00e7a o caminho para um packaging mais racional e sustent\u00e1vel.\" \/>\n<meta property=\"og:url\" content=\"https:\/\/www.rajapack.pt\/blog-pt\/embalagens\/otimizacao-de-embalagens-e-packaging-mais-sustentavel\" \/>\n<meta property=\"og:site_name\" content=\"Tudo para embalagem | Rajapack\" \/>\n<meta property=\"article:published_time\" content=\"2022-05-26T08:38:47+00:00\" \/>\n<meta property=\"og:image\" content=\"https:\/\/www.rajapack.pt\/blog-pt\/wp-content\/uploads\/2021\/11\/optimizacion-embalaje.jpg\" \/>\n\t<meta property=\"og:image:width\" content=\"850\" \/>\n\t<meta property=\"og:image:height\" content=\"450\" \/>\n\t<meta property=\"og:image:type\" content=\"image\/jpeg\" \/>\n<meta name=\"author\" content=\"Artur SILVA\" \/>\n<meta name=\"twitter:card\" content=\"summary_large_image\" \/>\n<meta name=\"twitter:label1\" content=\"Escrito por\" \/>\n\t<meta name=\"twitter:data1\" content=\"Artur SILVA\" \/>\n\t<meta name=\"twitter:label2\" content=\"Tempo estimado de leitura\" \/>\n\t<meta name=\"twitter:data2\" content=\"4 minutos\" \/>\n<script type=\"application\/ld+json\" class=\"yoast-schema-graph\">{\n\t    \"@context\": \"https:\/\/schema.org\",\n\t    \"@graph\": [\n\t        {\n\t            \"@type\": \"WebPage\",\n\t            \"@id\": \"https:\/\/www.rajapack.pt\/blog-pt\/embalagens\/otimizacao-de-embalagens-e-packaging-mais-sustentavel\",\n\t            \"url\": \"https:\/\/www.rajapack.pt\/blog-pt\/embalagens\/otimizacao-de-embalagens-e-packaging-mais-sustentavel\",\n\t            \"name\": \"OTIMIZA\u00c7\u00c3O DE EMBALAGENS E PACKAGING MAIS SUSTENT\u00c1VEL\",\n\t            \"isPartOf\": {\n\t                \"@id\": \"https:\/\/www.rajapack.pt\/blog-pt\/#website\"\n\t            },\n\t            \"primaryImageOfPage\": {\n\t                \"@id\": \"https:\/\/www.rajapack.pt\/blog-pt\/embalagens\/otimizacao-de-embalagens-e-packaging-mais-sustentavel#primaryimage\"\n\t            },\n\t            \"image\": {\n\t                \"@id\": \"https:\/\/www.rajapack.pt\/blog-pt\/embalagens\/otimizacao-de-embalagens-e-packaging-mais-sustentavel#primaryimage\"\n\t            },\n\t            \"thumbnailUrl\": \"https:\/\/www.rajapack.pt\/blog-pt\/wp-content\/uploads\/2021\/11\/optimizacion-embalaje.jpg\",\n\t            \"datePublished\": \"2022-05-26T08:38:47+00:00\",\n\t            \"dateModified\": \"2022-05-26T08:38:47+00:00\",\n\t            \"author\": {\n\t                \"@id\": \"https:\/\/www.rajapack.pt\/blog-pt\/#\/schema\/person\/df462f28a2c85574b59591ba9eebc6a3\"\n\t            },\n\t            \"description\": \"Sabia que \u00e9 poss\u00edvel otimizar as suas embalagens? Conhe\u00e7a o caminho para um packaging mais racional e sustent\u00e1vel.\",\n\t            \"inLanguage\": \"pt-PT\",\n\t            \"potentialAction\": [\n\t                {\n\t                    \"@type\": \"ReadAction\",\n\t                    \"target\": [\n\t                        \"https:\/\/www.rajapack.pt\/blog-pt\/embalagens\/otimizacao-de-embalagens-e-packaging-mais-sustentavel\"\n\t                    ]\n\t                }\n\t            ]\n\t        },\n\t        {\n\t            \"@type\": \"ImageObject\",\n\t            \"inLanguage\": \"pt-PT\",\n\t            \"@id\": \"https:\/\/www.rajapack.pt\/blog-pt\/embalagens\/otimizacao-de-embalagens-e-packaging-mais-sustentavel#primaryimage\",\n\t            \"url\": \"https:\/\/www.rajapack.pt\/blog-pt\/wp-content\/uploads\/2021\/11\/optimizacion-embalaje.jpg\",\n\t            \"contentUrl\": \"https:\/\/www.rajapack.pt\/blog-pt\/wp-content\/uploads\/2021\/11\/optimizacion-embalaje.jpg\",\n\t            \"width\": 850,\n\t            \"height\": 450\n\t        },\n\t        {\n\t            \"@type\": \"WebSite\",\n\t            \"@id\": \"https:\/\/www.rajapack.pt\/blog-pt\/#website\",\n\t            \"url\": \"https:\/\/www.rajapack.pt\/blog-pt\/\",\n\t            \"name\": \"Tudo para embalagem | Rajapack\",\n\t            \"description\": \"O seu blog para Embalagens, Log\u00edstica e muito mais\",\n\t            \"potentialAction\": [\n\t                {\n\t                    \"@type\": \"SearchAction\",\n\t                    \"target\": {\n\t                        \"@type\": \"EntryPoint\",\n\t                        \"urlTemplate\": \"https:\/\/www.rajapack.pt\/blog-pt\/?s={search_term_string}\"\n\t                    },\n\t                    \"query-input\": \"required name=search_term_string\"\n\t                }\n\t            ],\n\t            \"inLanguage\": \"pt-PT\"\n\t        },\n\t        {\n\t            \"@type\": \"Person\",\n\t            \"@id\": \"https:\/\/www.rajapack.pt\/blog-pt\/#\/schema\/person\/df462f28a2c85574b59591ba9eebc6a3\",\n\t            \"name\": \"Artur SILVA\",\n\t            \"image\": {\n\t                \"@type\": \"ImageObject\",\n\t                \"inLanguage\": \"pt-PT\",\n\t                \"@id\": \"https:\/\/www.rajapack.pt\/blog-pt\/#\/schema\/person\/image\/\",\n\t                \"url\": \"https:\/\/secure.gravatar.com\/avatar\/a8064c2c43611a0253a12dd4e2cebb25?s=96&d=mm&r=g\",\n\t                \"contentUrl\": \"https:\/\/secure.gravatar.com\/avatar\/a8064c2c43611a0253a12dd4e2cebb25?s=96&d=mm&r=g\",\n\t                \"caption\": \"Artur SILVA\"\n\t            },\n\t            \"description\": \"RAJAPACK PT\",\n\t            \"url\": \"https:\/\/www.rajapack.pt\/blog-pt\/author\/asilvarajapack-pt\"\n\t        }\n\t    ]\n\t}<\/script>\n","yoast_head_json":{"title":"OTIMIZA\u00c7\u00c3O DE EMBALAGENS E PACKAGING MAIS SUSTENT\u00c1VEL","description":"Sabia que \u00e9 poss\u00edvel otimizar as suas embalagens? Conhe\u00e7a o caminho para um packaging mais racional e sustent\u00e1vel.","robots":{"index":"index","follow":"follow","max-snippet":"max-snippet:-1","max-image-preview":"max-image-preview:large","max-video-preview":"max-video-preview:-1"},"canonical":"https:\/\/www.rajapack.pt\/blog-pt\/embalagens\/otimizacao-de-embalagens-e-packaging-mais-sustentavel","og_locale":"pt_PT","og_type":"article","og_title":"OTIMIZA\u00c7\u00c3O DE EMBALAGENS E PACKAGING MAIS SUSTENT\u00c1VEL","og_description":"Sabia que \u00e9 poss\u00edvel otimizar as suas embalagens? Conhe\u00e7a o caminho para um packaging mais racional e sustent\u00e1vel.","og_url":"https:\/\/www.rajapack.pt\/blog-pt\/embalagens\/otimizacao-de-embalagens-e-packaging-mais-sustentavel","og_site_name":"Tudo para embalagem | Rajapack","article_published_time":"2022-05-26T08:38:47+00:00","og_image":[{"width":850,"height":450,"url":"https:\/\/www.rajapack.pt\/blog-pt\/wp-content\/uploads\/2021\/11\/optimizacion-embalaje.jpg","type":"image\/jpeg"}],"author":"Artur SILVA","twitter_card":"summary_large_image","twitter_misc":{"Escrito por":"Artur SILVA","Tempo estimado de leitura":"4 minutos"},"schema":{"@context":"https:\/\/schema.org","@graph":[{"@type":"WebPage","@id":"https:\/\/www.rajapack.pt\/blog-pt\/embalagens\/otimizacao-de-embalagens-e-packaging-mais-sustentavel","url":"https:\/\/www.rajapack.pt\/blog-pt\/embalagens\/otimizacao-de-embalagens-e-packaging-mais-sustentavel","name":"OTIMIZA\u00c7\u00c3O DE EMBALAGENS E PACKAGING MAIS SUSTENT\u00c1VEL","isPartOf":{"@id":"https:\/\/www.rajapack.pt\/blog-pt\/#website"},"primaryImageOfPage":{"@id":"https:\/\/www.rajapack.pt\/blog-pt\/embalagens\/otimizacao-de-embalagens-e-packaging-mais-sustentavel#primaryimage"},"image":{"@id":"https:\/\/www.rajapack.pt\/blog-pt\/embalagens\/otimizacao-de-embalagens-e-packaging-mais-sustentavel#primaryimage"},"thumbnailUrl":"https:\/\/www.rajapack.pt\/blog-pt\/wp-content\/uploads\/2021\/11\/optimizacion-embalaje.jpg","datePublished":"2022-05-26T08:38:47+00:00","dateModified":"2022-05-26T08:38:47+00:00","author":{"@id":"https:\/\/www.rajapack.pt\/blog-pt\/#\/schema\/person\/df462f28a2c85574b59591ba9eebc6a3"},"description":"Sabia que \u00e9 poss\u00edvel otimizar as suas embalagens? Conhe\u00e7a o caminho para um packaging mais racional e sustent\u00e1vel.","inLanguage":"pt-PT","potentialAction":[{"@type":"ReadAction","target":["https:\/\/www.rajapack.pt\/blog-pt\/embalagens\/otimizacao-de-embalagens-e-packaging-mais-sustentavel"]}]},{"@type":"ImageObject","inLanguage":"pt-PT","@id":"https:\/\/www.rajapack.pt\/blog-pt\/embalagens\/otimizacao-de-embalagens-e-packaging-mais-sustentavel#primaryimage","url":"https:\/\/www.rajapack.pt\/blog-pt\/wp-content\/uploads\/2021\/11\/optimizacion-embalaje.jpg","contentUrl":"https:\/\/www.rajapack.pt\/blog-pt\/wp-content\/uploads\/2021\/11\/optimizacion-embalaje.jpg","width":850,"height":450},{"@type":"WebSite","@id":"https:\/\/www.rajapack.pt\/blog-pt\/#website","url":"https:\/\/www.rajapack.pt\/blog-pt\/","name":"Tudo para embalagem | Rajapack","description":"O seu blog para Embalagens, Log\u00edstica e muito mais","potentialAction":[{"@type":"SearchAction","target":{"@type":"EntryPoint","urlTemplate":"https:\/\/www.rajapack.pt\/blog-pt\/?s={search_term_string}"},"query-input":"required name=search_term_string"}],"inLanguage":"pt-PT"},{"@type":"Person","@id":"https:\/\/www.rajapack.pt\/blog-pt\/#\/schema\/person\/df462f28a2c85574b59591ba9eebc6a3","name":"Artur SILVA","image":{"@type":"ImageObject","inLanguage":"pt-PT","@id":"https:\/\/www.rajapack.pt\/blog-pt\/#\/schema\/person\/image\/","url":"https:\/\/secure.gravatar.com\/avatar\/a8064c2c43611a0253a12dd4e2cebb25?s=96&d=mm&r=g","contentUrl":"https:\/\/secure.gravatar.com\/avatar\/a8064c2c43611a0253a12dd4e2cebb25?s=96&d=mm&r=g","caption":"Artur SILVA"},"description":"RAJAPACK PT","url":"https:\/\/www.rajapack.pt\/blog-pt\/author\/asilvarajapack-pt"}]}},"_links":{"self":[{"href":"https:\/\/www.rajapack.pt\/blog-pt\/wp-json\/wp\/v2\/posts\/12820"}],"collection":[{"href":"https:\/\/www.rajapack.pt\/blog-pt\/wp-json\/wp\/v2\/posts"}],"about":[{"href":"https:\/\/www.rajapack.pt\/blog-pt\/wp-json\/wp\/v2\/types\/post"}],"author":[{"embeddable":true,"href":"https:\/\/www.rajapack.pt\/blog-pt\/wp-json\/wp\/v2\/users\/79"}],"replies":[{"embeddable":true,"href":"https:\/\/www.rajapack.pt\/blog-pt\/wp-json\/wp\/v2\/comments?post=12820"}],"version-history":[{"count":0,"href":"https:\/\/www.rajapack.pt\/blog-pt\/wp-json\/wp\/v2\/posts\/12820\/revisions"}],"wp:featuredmedia":[{"embeddable":true,"href":"https:\/\/www.rajapack.pt\/blog-pt\/wp-json\/wp\/v2\/media\/12959"}],"wp:attachment":[{"href":"https:\/\/www.rajapack.pt\/blog-pt\/wp-json\/wp\/v2\/media?parent=12820"}],"wp:term":[{"taxonomy":"category","embeddable":true,"href":"https:\/\/www.rajapack.pt\/blog-pt\/wp-json\/wp\/v2\/categories?post=12820"},{"taxonomy":"post_tag","embeddable":true,"href":"https:\/\/www.rajapack.pt\/blog-pt\/wp-json\/wp\/v2\/tags?post=12820"}],"curies":[{"name":"wp","href":"https:\/\/api.w.org\/{rel}","templated":true}]}}