{"id":13872,"date":"2022-12-19T10:13:01","date_gmt":"2022-12-19T10:13:01","guid":{"rendered":"https:\/\/www.rajapack.pt\/blog-pt\/?p=13872"},"modified":"2022-12-19T10:13:04","modified_gmt":"2022-12-19T10:13:04","slug":"artigos-fundamentais-para-o-seu-natal","status":"publish","type":"post","link":"https:\/\/www.rajapack.pt\/blog-pt\/embalagens\/artigos-fundamentais-para-o-seu-natal","title":{"rendered":"Artigos fundamentais para o seu Natal!"},"content":{"rendered":"\n<p>As comemora\u00e7\u00f5es de fim de ano est\u00e3o a aproximar-se a passos largos, para muitos dos nossos clientes esta \u00e9 uma das \u00e9pocas mais importantes do ano. Gerir o seu stock torna-se cada vez mais complexo, a prepara\u00e7\u00e3o das encomendas est\u00e1 com timings mais apertados, fornecedores e transportadoras operam num fluxo cada vez mais apertado&#8230; este per\u00edodo festivo traz desafios para si!<\/p>\n\n\n\n<div id=\"ez-toc-container\" class=\"ez-toc-v2_0_67_1 counter-hierarchy ez-toc-counter ez-toc-grey ez-toc-container-direction\">\n<div class=\"ez-toc-title-container\">\n<p class=\"ez-toc-title \" >Table of Contents<\/p>\n<span class=\"ez-toc-title-toggle\"><a href=\"#\" class=\"ez-toc-pull-right ez-toc-btn ez-toc-btn-xs ez-toc-btn-default ez-toc-toggle\" aria-label=\"Toggle Table of Content\"><span class=\"ez-toc-js-icon-con\"><span class=\"\"><span class=\"eztoc-hide\" style=\"display:none;\">Toggle<\/span><span class=\"ez-toc-icon-toggle-span\"><svg style=\"fill: #999;color:#999\" xmlns=\"http:\/\/www.w3.org\/2000\/svg\" class=\"list-377408\" width=\"20px\" height=\"20px\" viewBox=\"0 0 24 24\" fill=\"none\"><path d=\"M6 6H4v2h2V6zm14 0H8v2h12V6zM4 11h2v2H4v-2zm16 0H8v2h12v-2zM4 16h2v2H4v-2zm16 0H8v2h12v-2z\" fill=\"currentColor\"><\/path><\/svg><svg style=\"fill: #999;color:#999\" class=\"arrow-unsorted-368013\" xmlns=\"http:\/\/www.w3.org\/2000\/svg\" width=\"10px\" height=\"10px\" viewBox=\"0 0 24 24\" version=\"1.2\" baseProfile=\"tiny\"><path d=\"M18.2 9.3l-6.2-6.3-6.2 6.3c-.2.2-.3.4-.3.7s.1.5.3.7c.2.2.4.3.7.3h11c.3 0 .5-.1.7-.3.2-.2.3-.5.3-.7s-.1-.5-.3-.7zM5.8 14.7l6.2 6.3 6.2-6.3c.2-.2.3-.5.3-.7s-.1-.5-.3-.7c-.2-.2-.4-.3-.7-.3h-11c-.3 0-.5.1-.7.3-.2.2-.3.5-.3.7s.1.5.3.7z\"\/><\/svg><\/span><\/span><\/span><\/a><\/span><\/div>\n<nav><ul class='ez-toc-list ez-toc-list-level-1 ' ><ul class='ez-toc-list-level-3' ><li class='ez-toc-heading-level-3'><a class=\"ez-toc-link ez-toc-heading-1\" href=\"https:\/\/www.rajapack.pt\/blog-pt\/embalagens\/artigos-fundamentais-para-o-seu-natal\/#Papel_de_embrulho\" title=\"Papel de embrulho\">Papel de embrulho<\/a><\/li><li class='ez-toc-page-1 ez-toc-heading-level-3'><a class=\"ez-toc-link ez-toc-heading-2\" href=\"https:\/\/www.rajapack.pt\/blog-pt\/embalagens\/artigos-fundamentais-para-o-seu-natal\/#Etiquetas_para_presente\" title=\"Etiquetas para presente\">Etiquetas para presente<\/a><\/li><li class='ez-toc-page-1 ez-toc-heading-level-3'><a class=\"ez-toc-link ez-toc-heading-3\" href=\"https:\/\/www.rajapack.pt\/blog-pt\/embalagens\/artigos-fundamentais-para-o-seu-natal\/#Fita_de_Rafia\" title=\"Fita de R\u00e1fia\">Fita de R\u00e1fia<\/a><\/li><li class='ez-toc-page-1 ez-toc-heading-level-3'><a class=\"ez-toc-link ez-toc-heading-4\" href=\"https:\/\/www.rajapack.pt\/blog-pt\/embalagens\/artigos-fundamentais-para-o-seu-natal\/#Papel_de_enchimento\" title=\"Papel de enchimento\">Papel de enchimento<\/a><\/li><li class='ez-toc-page-1 ez-toc-heading-level-3'><a class=\"ez-toc-link ez-toc-heading-5\" href=\"https:\/\/www.rajapack.pt\/blog-pt\/embalagens\/artigos-fundamentais-para-o-seu-natal\/#Fitas_e_lacos\" title=\"Fitas e la\u00e7os\">Fitas e la\u00e7os<\/a><\/li><li class='ez-toc-page-1 ez-toc-heading-level-3'><a class=\"ez-toc-link ez-toc-heading-6\" href=\"https:\/\/www.rajapack.pt\/blog-pt\/embalagens\/artigos-fundamentais-para-o-seu-natal\/#Caixa_para_presente_com_laco_de_cetim\" title=\"Caixa para presente com la\u00e7o de cetim\">Caixa para presente com la\u00e7o de cetim<\/a><\/li><li class='ez-toc-page-1 ez-toc-heading-level-3'><a class=\"ez-toc-link ez-toc-heading-7\" href=\"https:\/\/www.rajapack.pt\/blog-pt\/embalagens\/artigos-fundamentais-para-o-seu-natal\/#Caixa_para_presente_com_fecho_iman\" title=\"Caixa para presente com fecho \u00edman\">Caixa para presente com fecho \u00edman<\/a><\/li><li class='ez-toc-page-1 ez-toc-heading-level-3'><a class=\"ez-toc-link ez-toc-heading-8\" href=\"https:\/\/www.rajapack.pt\/blog-pt\/embalagens\/artigos-fundamentais-para-o-seu-natal\/#Caixa_oval\" title=\"Caixa oval\">Caixa oval<\/a><\/li><\/ul><\/li><li class='ez-toc-page-1 ez-toc-heading-level-2'><a class=\"ez-toc-link ez-toc-heading-9\" href=\"https:\/\/www.rajapack.pt\/blog-pt\/embalagens\/artigos-fundamentais-para-o-seu-natal\/#Qual_a_melhor_embalagem_para_as_suas_garrafas\" title=\"Qual a melhor embalagem para as suas garrafas?\">Qual a melhor embalagem para as suas garrafas?<\/a><ul class='ez-toc-list-level-3' ><li class='ez-toc-heading-level-3'><a class=\"ez-toc-link ez-toc-heading-10\" href=\"https:\/\/www.rajapack.pt\/blog-pt\/embalagens\/artigos-fundamentais-para-o-seu-natal\/#Saco_de_papel_para_garrafas\" title=\"Saco de papel para garrafas\">Saco de papel para garrafas<\/a><\/li><li class='ez-toc-page-1 ez-toc-heading-level-3'><a class=\"ez-toc-link ez-toc-heading-11\" href=\"https:\/\/www.rajapack.pt\/blog-pt\/embalagens\/artigos-fundamentais-para-o-seu-natal\/#Caixa_de_cartao_para_garrafas\" title=\"Caixa de cart\u00e3o para garrafas\">Caixa de cart\u00e3o para garrafas<\/a><\/li><li class='ez-toc-page-1 ez-toc-heading-level-3'><a class=\"ez-toc-link ez-toc-heading-12\" href=\"https:\/\/www.rajapack.pt\/blog-pt\/embalagens\/artigos-fundamentais-para-o-seu-natal\/#Estojo_para_garrafas_acabamento_Lezard\" title=\"Estojo para garrafas acabamento L\u00e9zard\">Estojo para garrafas acabamento L\u00e9zard<\/a><\/li><li class='ez-toc-page-1 ez-toc-heading-level-3'><a class=\"ez-toc-link ez-toc-heading-13\" href=\"https:\/\/www.rajapack.pt\/blog-pt\/embalagens\/artigos-fundamentais-para-o-seu-natal\/#Estojo_para_garrafas_acabamento_Lezard-2\" title=\"Estojo para garrafas acabamento L\u00e9zard\">Estojo para garrafas acabamento L\u00e9zard<\/a><\/li><li class='ez-toc-page-1 ez-toc-heading-level-3'><a class=\"ez-toc-link ez-toc-heading-14\" href=\"https:\/\/www.rajapack.pt\/blog-pt\/embalagens\/artigos-fundamentais-para-o-seu-natal\/#efeito_pele_de_crocodiloideal_para\" title=\"(efeito pele de crocodilo)ideal para &nbsp;\">(efeito pele de crocodilo)ideal para &nbsp;<\/a><\/li><li class='ez-toc-page-1 ez-toc-heading-level-3'><a class=\"ez-toc-link ez-toc-heading-15\" href=\"https:\/\/www.rajapack.pt\/blog-pt\/embalagens\/artigos-fundamentais-para-o-seu-natal\/#Caixa_de_cor_preta_elegante_de_cartao_acetinado\" title=\"Caixa de cor preta elegante de cart\u00e3o acetinado \">Caixa de cor preta elegante de cart\u00e3o acetinado <\/a><\/li><li class='ez-toc-page-1 ez-toc-heading-level-3'><a class=\"ez-toc-link ez-toc-heading-16\" href=\"https:\/\/www.rajapack.pt\/blog-pt\/embalagens\/artigos-fundamentais-para-o-seu-natal\/#garrafas_de_vinhos_espumantes_vinhos_licores\" title=\"garrafas de vinhos espumantes, vinhos, licores.\">garrafas de vinhos espumantes, vinhos, licores.<\/a><\/li><\/ul><\/li><\/ul><\/nav><\/div>\n<h3 class=\"wp-block-heading\"><span class=\"ez-toc-section\" id=\"Papel_de_embrulho\"><\/span><a href=\"https:\/\/www.rajapack.pt\/embalagens-para-presente-lojas\/papel-embrulho-desenrolador\/papel-embrulho_C903010.html\">Papel de embrulho<\/a><span class=\"ez-toc-section-end\"><\/span><\/h3>\n\n\n\n<p>Para todos os gostos e cores, para adultos e crian\u00e7as, mais simples ou mais elegantes.<\/p>\n\n\n\n<p>As combina\u00e7\u00f5es s\u00e3o enormes. D\u00ea asas \u00e0 sua criatividade.<\/p>\n\n\n\n<div class=\"wp-block-columns is-layout-flex wp-container-core-columns-is-layout-1 wp-block-columns-is-layout-flex\">\n<div class=\"wp-block-column is-layout-flow wp-block-column-is-layout-flow\" style=\"flex-basis:100%\"><div class=\"wp-block-image\">\n<figure class=\"alignright is-resized\"><img loading=\"lazy\" decoding=\"async\" src=\"https:\/\/www.rajapack.pt\/blog-pt\/wp-content\/uploads\/2022\/10\/Imagem1-4.jpg\" alt=\"\" class=\"wp-image-13873\" width=\"108\" height=\"108\" srcset=\"https:\/\/www.rajapack.pt\/blog-pt\/wp-content\/uploads\/2022\/10\/Imagem1-4.jpg 126w, https:\/\/www.rajapack.pt\/blog-pt\/wp-content\/uploads\/2022\/10\/Imagem1-4-120x120.jpg 120w, https:\/\/www.rajapack.pt\/blog-pt\/wp-content\/uploads\/2022\/10\/Imagem1-4-100x100.jpg 100w\" sizes=\"(max-width: 108px) 100vw, 108px\" \/><\/figure><\/div><\/div>\n<\/div>\n\n\n<div class=\"wp-block-image\">\n<figure class=\"alignleft\"><a href=\"https:\/\/www.rajapack.pt\/embalagens-para-presente-lojas\/papel-embrulho-desenrolador\/papel-embrulho\/papel-embrulho-riscas_OFF_ES_0660.html\"><img loading=\"lazy\" decoding=\"async\" width=\"135\" height=\"136\" src=\"https:\/\/www.rajapack.pt\/blog-pt\/wp-content\/uploads\/2022\/10\/Imagem2.jpg\" alt=\"\" class=\"wp-image-13874\" srcset=\"https:\/\/www.rajapack.pt\/blog-pt\/wp-content\/uploads\/2022\/10\/Imagem2.jpg 135w, https:\/\/www.rajapack.pt\/blog-pt\/wp-content\/uploads\/2022\/10\/Imagem2-120x120.jpg 120w, https:\/\/www.rajapack.pt\/blog-pt\/wp-content\/uploads\/2022\/10\/Imagem2-100x100.jpg 100w\" sizes=\"(max-width: 135px) 100vw, 135px\" \/><\/a><\/figure><\/div>\n\n\n<div class=\"wp-block-media-text alignwide is-stacked-on-mobile\"><figure class=\"wp-block-media-text__media\"><img loading=\"lazy\" decoding=\"async\" width=\"150\" height=\"150\" src=\"https:\/\/www.rajapack.pt\/blog-pt\/wp-content\/uploads\/2022\/10\/Imagem3-150x150.jpg\" alt=\"\" class=\"wp-image-13875 size-full\" srcset=\"https:\/\/www.rajapack.pt\/blog-pt\/wp-content\/uploads\/2022\/10\/Imagem3-150x150.jpg 150w, https:\/\/www.rajapack.pt\/blog-pt\/wp-content\/uploads\/2022\/10\/Imagem3-120x120.jpg 120w, https:\/\/www.rajapack.pt\/blog-pt\/wp-content\/uploads\/2022\/10\/Imagem3-225x225.jpg 225w, https:\/\/www.rajapack.pt\/blog-pt\/wp-content\/uploads\/2022\/10\/Imagem3-100x100.jpg 100w, https:\/\/www.rajapack.pt\/blog-pt\/wp-content\/uploads\/2022\/10\/Imagem3.jpg 386w\" sizes=\"(max-width: 150px) 100vw, 150px\" \/><\/figure><div class=\"wp-block-media-text__content\">\n<p><\/p>\n<\/div><\/div>\n\n\n\n<p><a href=\"https:\/\/www.rajapack.pt\/embalagens-para-presente-lojas\/papel-embrulho-desenrolador\/papel-embrulho\/papel-embrulho-natal_OFF_ES_0662.html\"> <\/a><\/p>\n\n\n\n<h3 class=\"wp-block-heading\"><span class=\"ez-toc-section\" id=\"Etiquetas_para_presente\"><\/span><a href=\"https:\/\/www.rajapack.pt\/embalagens-para-presente-lojas\/fitas-embrulho-lacos-etiquetas-para-presente\/etiquetas-para-presente_C904520.html\">Etiquetas para presente<\/a><span class=\"ez-toc-section-end\"><\/span><\/h3>\n\n\n\n<p>Decoram, d\u00e3o um recado e d\u00e3o um toque especial ao embrulho.<\/p>\n\n\n\n<p>Poder\u00e1 personaliz\u00e1-los ao seu gosto ou complet\u00e1-los \u00e0 m\u00e3o no momento.<\/p>\n\n\n\n<p>S\u00e3o essenciais para concluir a sua encomenda.<\/p>\n\n\n<div class=\"wp-block-image\">\n<figure class=\"alignleft\"><a href=\"https:\/\/www.rajapack.pt\/embalagens-para-presente-lojas\/fitas-embrulho-lacos-etiquetas-para-presente\/etiquetas-para-presente\/etiqueta-adesiva-papel_OFF_ES_0641.html\"><img loading=\"lazy\" decoding=\"async\" width=\"143\" height=\"143\" src=\"https:\/\/www.rajapack.pt\/blog-pt\/wp-content\/uploads\/2022\/10\/Imagem4-2.png\" alt=\"\" class=\"wp-image-13876\" srcset=\"https:\/\/www.rajapack.pt\/blog-pt\/wp-content\/uploads\/2022\/10\/Imagem4-2.png 143w, https:\/\/www.rajapack.pt\/blog-pt\/wp-content\/uploads\/2022\/10\/Imagem4-2-120x120.png 120w, https:\/\/www.rajapack.pt\/blog-pt\/wp-content\/uploads\/2022\/10\/Imagem4-2-100x100.png 100w\" sizes=\"(max-width: 143px) 100vw, 143px\" \/><\/a><\/figure><\/div>\n\n\n<figure class=\"wp-block-image\"><a href=\"https:\/\/www.rajapack.pt\/embalagens-para-presente-lojas\/fitas-embrulho-lacos-etiquetas-para-presente\/etiquetas-para-presente\/etiquetas-para-presente_PDT31575.html\"><img loading=\"lazy\" decoding=\"async\" width=\"137\" height=\"136\" src=\"https:\/\/www.rajapack.pt\/blog-pt\/wp-content\/uploads\/2022\/10\/Imagem7.png\" alt=\"\" class=\"wp-image-13877\" srcset=\"https:\/\/www.rajapack.pt\/blog-pt\/wp-content\/uploads\/2022\/10\/Imagem7.png 137w, https:\/\/www.rajapack.pt\/blog-pt\/wp-content\/uploads\/2022\/10\/Imagem7-120x120.png 120w, https:\/\/www.rajapack.pt\/blog-pt\/wp-content\/uploads\/2022\/10\/Imagem7-100x100.png 100w\" sizes=\"(max-width: 137px) 100vw, 137px\" \/><\/a><\/figure>\n\n\n\n<h3 class=\"wp-block-heading\"><span class=\"ez-toc-section\" id=\"Fita_de_Rafia\"><\/span><a href=\"https:\/\/www.rajapack.pt\/embalagens-para-presente-lojas\/fitas-embrulho-lacos-etiquetas-para-presente\/fitas-embrulho-lacos-para-presente\/rafia-natural_PDT01895.html\">Fita de R\u00e1fia<\/a><span class=\"ez-toc-section-end\"><\/span><\/h3>\n\n\n\n<p>Um toque elegante e ecol\u00f3gico num \u00fanico pacote.<\/p>\n\n\n\n<p>Ofere\u00e7a acompanhado por uma etiqueta personalizada por si desejando as boas festas aos seus clientes.<\/p>\n\n\n<div class=\"wp-block-image\">\n<figure class=\"alignleft\"><img loading=\"lazy\" decoding=\"async\" width=\"169\" height=\"168\" src=\"https:\/\/www.rajapack.pt\/blog-pt\/wp-content\/uploads\/2022\/10\/Imagem6.jpg\" alt=\"\" class=\"wp-image-13881\" srcset=\"https:\/\/www.rajapack.pt\/blog-pt\/wp-content\/uploads\/2022\/10\/Imagem6.jpg 169w, https:\/\/www.rajapack.pt\/blog-pt\/wp-content\/uploads\/2022\/10\/Imagem6-150x150.jpg 150w, https:\/\/www.rajapack.pt\/blog-pt\/wp-content\/uploads\/2022\/10\/Imagem6-120x120.jpg 120w, https:\/\/www.rajapack.pt\/blog-pt\/wp-content\/uploads\/2022\/10\/Imagem6-100x100.jpg 100w\" sizes=\"(max-width: 169px) 100vw, 169px\" \/><\/figure><\/div>\n\n\n<h3 class=\"wp-block-heading\"><span class=\"ez-toc-section\" id=\"Papel_de_enchimento\"><\/span><a href=\"https:\/\/www.rajapack.pt\/embalagens-para-presente-lojas\/papel-seda-farripas-papel\/papel-para-enchimento\/farripas-papel-para-enchimento-cor-sizzlepak_OFF_ES_0061.html\">Papel de enchimento<\/a><span class=\"ez-toc-section-end\"><\/span><\/h3>\n\n\n\n<p>D\u00ea um toque de cor aos seus produtos.<\/p>\n\n\n\n<p>Ofere\u00e7a uma apresenta\u00e7\u00e3o diferente aos seus clientes gra\u00e7as \u00e0s aparas de papel coloridas .<\/p>\n\n\n\n<p>O melhor de tudo \u00e9 ecol\u00f3gico.<\/p>\n\n\n<div class=\"wp-block-image\">\n<figure class=\"alignleft\"><img loading=\"lazy\" decoding=\"async\" width=\"205\" height=\"204\" src=\"https:\/\/www.rajapack.pt\/blog-pt\/wp-content\/uploads\/2022\/10\/Imagem8.png\" alt=\"\" class=\"wp-image-13882\" srcset=\"https:\/\/www.rajapack.pt\/blog-pt\/wp-content\/uploads\/2022\/10\/Imagem8.png 205w, https:\/\/www.rajapack.pt\/blog-pt\/wp-content\/uploads\/2022\/10\/Imagem8-150x150.png 150w, https:\/\/www.rajapack.pt\/blog-pt\/wp-content\/uploads\/2022\/10\/Imagem8-120x120.png 120w, https:\/\/www.rajapack.pt\/blog-pt\/wp-content\/uploads\/2022\/10\/Imagem8-100x100.png 100w\" sizes=\"(max-width: 205px) 100vw, 205px\" \/><\/figure><\/div>\n\n\n<h3 class=\"wp-block-heading\"><span class=\"ez-toc-section\" id=\"Fitas_e_lacos\"><\/span><a href=\"https:\/\/www.rajapack.pt\/embalagens-para-presente-lojas\/fitas-embrulho-lacos-etiquetas-para-presente\/fitas-embrulho-lacos-para-presente_C904510.html\">Fitas e la\u00e7os<\/a><span class=\"ez-toc-section-end\"><\/span><\/h3>\n\n\n\n<p>N\u00e3o podemos esquecer as cl\u00e1ssicas fitas met\u00e1licas ou de cetim, que enfeitam as embalagens e d\u00e3o um toque de cor e divers\u00e3o<\/p>\n\n\n\n<p>Ir\u00e1 lembrar os seus clientes que estamos no Natal.<\/p>\n\n\n<div class=\"wp-block-image\">\n<figure class=\"alignleft\"><a href=\"https:\/\/www.rajapack.pt\/embalagens-para-presente-lojas\/fitas-embrulho-lacos-etiquetas-para-presente\/fitas-embrulho-lacos-para-presente\/fita-embrulho-branca-vermelha_OFF_ES_0658.html\"><img loading=\"lazy\" decoding=\"async\" width=\"150\" height=\"150\" src=\"https:\/\/www.rajapack.pt\/blog-pt\/wp-content\/uploads\/2022\/10\/Imagem-fita-150x150.png\" alt=\"\" class=\"wp-image-13884\" title=\"https:\/\/www.rajapack.pt\/embalagens-para-presente-lojas\/fitas-embrulho-lacos-etiquetas-para-presente\/fitas-embrulho-lacos-para-presente\/fita-embrulho-branca-vermelha_OFF_ES_0658.html\" srcset=\"https:\/\/www.rajapack.pt\/blog-pt\/wp-content\/uploads\/2022\/10\/Imagem-fita-150x150.png 150w, https:\/\/www.rajapack.pt\/blog-pt\/wp-content\/uploads\/2022\/10\/Imagem-fita-120x120.png 120w, https:\/\/www.rajapack.pt\/blog-pt\/wp-content\/uploads\/2022\/10\/Imagem-fita-100x100.png 100w, https:\/\/www.rajapack.pt\/blog-pt\/wp-content\/uploads\/2022\/10\/Imagem-fita.png 175w\" sizes=\"(max-width: 150px) 100vw, 150px\" \/><\/a><\/figure><\/div>\n\n<div class=\"wp-block-image\">\n<figure class=\"alignleft\"><a href=\"https:\/\/www.rajapack.pt\/embalagens-para-presente-lojas\/fitas-embrulho-lacos-etiquetas-para-presente\/fitas-embrulho-lacos-para-presente\/fita-embrulho-metalizada_PDT01169.html\"><img loading=\"lazy\" decoding=\"async\" width=\"150\" height=\"150\" src=\"https:\/\/www.rajapack.pt\/blog-pt\/wp-content\/uploads\/2022\/10\/Imagem9-150x150.jpg\" alt=\"\" class=\"wp-image-13885\" title=\"https:\/\/www.rajapack.pt\/embalagens-para-presente-lojas\/fitas-embrulho-lacos-etiquetas-para-presente\/fitas-embrulho-lacos-para-presente\/fita-embrulho-metalizada_PDT01169.html\" srcset=\"https:\/\/www.rajapack.pt\/blog-pt\/wp-content\/uploads\/2022\/10\/Imagem9-150x150.jpg 150w, https:\/\/www.rajapack.pt\/blog-pt\/wp-content\/uploads\/2022\/10\/Imagem9-120x120.jpg 120w, https:\/\/www.rajapack.pt\/blog-pt\/wp-content\/uploads\/2022\/10\/Imagem9-225x225.jpg 225w, https:\/\/www.rajapack.pt\/blog-pt\/wp-content\/uploads\/2022\/10\/Imagem9-100x100.jpg 100w, https:\/\/www.rajapack.pt\/blog-pt\/wp-content\/uploads\/2022\/10\/Imagem9.jpg 328w\" sizes=\"(max-width: 150px) 100vw, 150px\" \/><\/a><\/figure><\/div>\n\n<div class=\"wp-block-image\">\n<figure class=\"alignleft\"><a href=\"https:\/\/www.rajapack.pt\/embalagens-para-presente-lojas\/fitas-embrulho-lacos-etiquetas-para-presente\/fitas-embrulho-lacos-para-presente\/fita-rafia-metalizada_OFF_ES_0545.html\"><img loading=\"lazy\" decoding=\"async\" width=\"133\" height=\"133\" src=\"https:\/\/www.rajapack.pt\/blog-pt\/wp-content\/uploads\/2022\/10\/Imagem3-1.png\" alt=\"\" class=\"wp-image-13863\" srcset=\"https:\/\/www.rajapack.pt\/blog-pt\/wp-content\/uploads\/2022\/10\/Imagem3-1.png 133w, https:\/\/www.rajapack.pt\/blog-pt\/wp-content\/uploads\/2022\/10\/Imagem3-1-120x120.png 120w, https:\/\/www.rajapack.pt\/blog-pt\/wp-content\/uploads\/2022\/10\/Imagem3-1-100x100.png 100w\" sizes=\"(max-width: 133px) 100vw, 133px\" \/><\/a><\/figure><\/div>\n\n\n<h3 class=\"wp-block-heading\"><span class=\"ez-toc-section\" id=\"Caixa_para_presente_com_laco_de_cetim\"><\/span><a href=\"https:\/\/www.rajapack.pt\/embalagens-para-presente-lojas\/envelopes-sacos-caixas-para-presente\/caixa-oval\/caixa-para-presente-laco-cetim_OFF_ES_0552.html\"><strong>Caixa para presente com la\u00e7o de cetim<\/strong><\/a><span class=\"ez-toc-section-end\"><\/span><\/h3>\n\n\n\n<p>Quer combinar a prote\u00e7\u00e3o dos seus bens com um efeito \u201cuau\u201d?<\/p>\n\n\n\n<p>Esta embalagem de presente profissional tem tudo para um incr\u00edvel unboxing.<\/p>\n\n\n\n<p>De montagem f\u00e1cil, para acelerar a prepara\u00e7\u00e3o dos seus pedidos.<\/p>\n\n\n<div class=\"wp-block-image\">\n<figure class=\"alignleft\"><a href=\"https:\/\/www.rajapack.pt\/embalagens-para-presente-lojas\/envelopes-sacos-caixas-para-presente\/caixa-oval\/caixa-para-presente-laco-cetim_OFF_ES_0552.html\"><img loading=\"lazy\" decoding=\"async\" width=\"184\" height=\"183\" src=\"https:\/\/www.rajapack.pt\/blog-pt\/wp-content\/uploads\/2022\/10\/Imagem-caixa.png\" alt=\"\" class=\"wp-image-13897\" title=\"https:\/\/www.rajapack.pt\/embalagens-para-presente-lojas\/envelopes-sacos-caixas-para-presente\/caixa-oval\/caixa-para-presente-laco-cetim_OFF_ES_0552.html\" srcset=\"https:\/\/www.rajapack.pt\/blog-pt\/wp-content\/uploads\/2022\/10\/Imagem-caixa.png 184w, https:\/\/www.rajapack.pt\/blog-pt\/wp-content\/uploads\/2022\/10\/Imagem-caixa-150x150.png 150w, https:\/\/www.rajapack.pt\/blog-pt\/wp-content\/uploads\/2022\/10\/Imagem-caixa-120x120.png 120w, https:\/\/www.rajapack.pt\/blog-pt\/wp-content\/uploads\/2022\/10\/Imagem-caixa-100x100.png 100w\" sizes=\"(max-width: 184px) 100vw, 184px\" \/><\/a><\/figure><\/div>\n\n<div class=\"wp-block-image\">\n<figure class=\"alignleft\"><a href=\"https:\/\/www.rajapack.pt\/embalagens-para-presente-lojas\/envelopes-sacos-caixas-para-presente\/caixa-oval\/caixa-para-presente-laco-cetim_OFF_ES_0552.html\"><img loading=\"lazy\" decoding=\"async\" width=\"150\" height=\"150\" src=\"https:\/\/www.rajapack.pt\/blog-pt\/wp-content\/uploads\/2022\/10\/Imagem4-3-150x150.png\" alt=\"\" class=\"wp-image-13912\" title=\"https:\/\/www.rajapack.pt\/embalagens-para-presente-lojas\/envelopes-sacos-caixas-para-presente\/caixa-oval\/caixa-para-presente-laco-cetim_OFF_ES_0552.html\" srcset=\"https:\/\/www.rajapack.pt\/blog-pt\/wp-content\/uploads\/2022\/10\/Imagem4-3-150x150.png 150w, https:\/\/www.rajapack.pt\/blog-pt\/wp-content\/uploads\/2022\/10\/Imagem4-3-120x120.png 120w, https:\/\/www.rajapack.pt\/blog-pt\/wp-content\/uploads\/2022\/10\/Imagem4-3-100x100.png 100w, https:\/\/www.rajapack.pt\/blog-pt\/wp-content\/uploads\/2022\/10\/Imagem4-3.png 192w\" sizes=\"(max-width: 150px) 100vw, 150px\" \/><\/a><\/figure><\/div>\n\n\n<h3 class=\"wp-block-heading\"><span class=\"ez-toc-section\" id=\"Caixa_para_presente_com_fecho_iman\"><\/span><a href=\"https:\/\/www.rajapack.pt\/embalagens-para-presente-lojas\/envelopes-sacos-caixas-para-presente\/caixa-oval\/caixa-para-presente-fecho-iman_OFF_ES_0334.html\"><strong>Caixa para presente com fecho \u00edman<\/strong><\/a><span class=\"ez-toc-section-end\"><\/span><\/h3>\n\n\n\n<p>\u00c9 ideal para as suas encomendas natal\u00edcias.<\/p>\n\n\n\n<p>Est\u00e1 dispon\u00edvel em diversas cores, adapte os seus processos de prepara\u00e7\u00e3o de pedidos de forma criativa e original.<\/p>\n\n\n<div class=\"wp-block-image\">\n<figure class=\"alignleft\"><img loading=\"lazy\" decoding=\"async\" width=\"150\" height=\"150\" src=\"https:\/\/www.rajapack.pt\/blog-pt\/wp-content\/uploads\/2022\/10\/Imagem5-1-150x150.png\" alt=\"\" class=\"wp-image-13915\" srcset=\"https:\/\/www.rajapack.pt\/blog-pt\/wp-content\/uploads\/2022\/10\/Imagem5-1-150x150.png 150w, https:\/\/www.rajapack.pt\/blog-pt\/wp-content\/uploads\/2022\/10\/Imagem5-1-120x120.png 120w, https:\/\/www.rajapack.pt\/blog-pt\/wp-content\/uploads\/2022\/10\/Imagem5-1-100x100.png 100w, https:\/\/www.rajapack.pt\/blog-pt\/wp-content\/uploads\/2022\/10\/Imagem5-1.png 185w\" sizes=\"(max-width: 150px) 100vw, 150px\" \/><\/figure><\/div>\n\n<div class=\"wp-block-image\">\n<figure class=\"alignleft\"><img loading=\"lazy\" decoding=\"async\" width=\"150\" height=\"150\" src=\"https:\/\/www.rajapack.pt\/blog-pt\/wp-content\/uploads\/2022\/10\/Imagem6-1-150x150.png\" alt=\"\" class=\"wp-image-13916\" srcset=\"https:\/\/www.rajapack.pt\/blog-pt\/wp-content\/uploads\/2022\/10\/Imagem6-1-150x150.png 150w, https:\/\/www.rajapack.pt\/blog-pt\/wp-content\/uploads\/2022\/10\/Imagem6-1-120x120.png 120w, https:\/\/www.rajapack.pt\/blog-pt\/wp-content\/uploads\/2022\/10\/Imagem6-1-100x100.png 100w, https:\/\/www.rajapack.pt\/blog-pt\/wp-content\/uploads\/2022\/10\/Imagem6-1.png 179w\" sizes=\"(max-width: 150px) 100vw, 150px\" \/><\/figure><\/div>\n\n\n<h3 class=\"wp-block-heading\"><span class=\"ez-toc-section\" id=\"Caixa_oval\"><\/span><a href=\"https:\/\/www.rajapack.pt\/embalagens-para-presente-lojas\/envelopes-sacos-caixas-para-presente\/caixa-oval\/caixa-oval_PDT00195.html\"><strong>Caixa oval<\/strong><\/a><span class=\"ez-toc-section-end\"><\/span><\/h3>\n\n\n\n<p>Um embrulho profissional, ideal para embrulhar pequenos presentes como joias.<\/p>\n\n\n\n<p>O seu fecho por press\u00e3o simplifica a prepara\u00e7\u00e3o da sua encomenda.<\/p>\n\n\n\n<p>Sendo recicl\u00e1vel torna-a numa embalagem eco respons\u00e1vel.<\/p>\n\n\n<div class=\"wp-block-image\">\n<figure class=\"alignleft\"><a href=\"https:\/\/www.rajapack.pt\/embalagens-para-presente-lojas\/envelopes-sacos-caixas-para-presente\/caixa-oval\/caixa-oval_PDT00195.html\"><img loading=\"lazy\" decoding=\"async\" width=\"150\" height=\"150\" src=\"https:\/\/www.rajapack.pt\/blog-pt\/wp-content\/uploads\/2022\/10\/Imagem10-150x150.png\" alt=\"\" class=\"wp-image-13918\" srcset=\"https:\/\/www.rajapack.pt\/blog-pt\/wp-content\/uploads\/2022\/10\/Imagem10-150x150.png 150w, https:\/\/www.rajapack.pt\/blog-pt\/wp-content\/uploads\/2022\/10\/Imagem10-120x120.png 120w, https:\/\/www.rajapack.pt\/blog-pt\/wp-content\/uploads\/2022\/10\/Imagem10-100x100.png 100w, https:\/\/www.rajapack.pt\/blog-pt\/wp-content\/uploads\/2022\/10\/Imagem10.png 181w\" sizes=\"(max-width: 150px) 100vw, 150px\" \/><\/a><\/figure><\/div>\n\n<div class=\"wp-block-image\">\n<figure class=\"alignleft\"><a href=\"https:\/\/www.rajapack.pt\/embalagens-para-presente-lojas\/envelopes-sacos-caixas-para-presente\/caixa-oval\/caixa-oval_PDT00195.html\"><img loading=\"lazy\" decoding=\"async\" width=\"131\" height=\"131\" src=\"https:\/\/www.rajapack.pt\/blog-pt\/wp-content\/uploads\/2022\/10\/Imagem11.jpg\" alt=\"\" class=\"wp-image-13919\" srcset=\"https:\/\/www.rajapack.pt\/blog-pt\/wp-content\/uploads\/2022\/10\/Imagem11.jpg 131w, https:\/\/www.rajapack.pt\/blog-pt\/wp-content\/uploads\/2022\/10\/Imagem11-120x120.jpg 120w, https:\/\/www.rajapack.pt\/blog-pt\/wp-content\/uploads\/2022\/10\/Imagem11-100x100.jpg 100w\" sizes=\"(max-width: 131px) 100vw, 131px\" \/><\/a><\/figure><\/div>\n\n\n<h2 class=\"wp-block-heading\"><span class=\"ez-toc-section\" id=\"Qual_a_melhor_embalagem_para_as_suas_garrafas\"><\/span><strong>Qual a melhor embalagem para as suas garrafas?<\/strong><span class=\"ez-toc-section-end\"><\/span><\/h2>\n\n\n\n<p>As festas de fim de ano s\u00e3o uma momento chave para os comerciantes que vendem garrafas de vinho, cerveja, champanhe. No entanto, sabe bem: esses produtos exigem embalagens especiais para proteg\u00ea-los o melhor poss\u00edvel durante o transporte e criar o efeito \u201cuau\u201d esperado pelos seus clientes.<\/p>\n\n\n\n<h3 class=\"wp-block-heading\"><span class=\"ez-toc-section\" id=\"Saco_de_papel_para_garrafas\"><\/span><a href=\"https:\/\/www.rajapack.pt\/embalagens-para-presente-lojas\/estojos-caixas-para-garrafas-presunto\/sacos-para-garrafas\/saco-papel-kraft-para-garrafas-asas-janela_OFF_ES_0392.html\"><strong>Saco de papel para garrafas<\/strong><\/a><span class=\"ez-toc-section-end\"><\/span><\/h3>\n\n\n\n<p>Saco de transporte elegante com janela para um presente de Natal cheio de requinte.<\/p>\n\n\n<div class=\"wp-block-image\">\n<figure class=\"alignleft\"><a href=\"https:\/\/www.rajapack.pt\/embalagens-para-presente-lojas\/estojos-caixas-para-garrafas-presunto\/sacos-para-garrafas\/saco-papel-kraft-para-garrafas-asas-janela_OFF_ES_0392.html\"><img loading=\"lazy\" decoding=\"async\" width=\"236\" height=\"237\" src=\"https:\/\/www.rajapack.pt\/blog-pt\/wp-content\/uploads\/2022\/10\/Imagem10-1.png\" alt=\"\" class=\"wp-image-13920\" srcset=\"https:\/\/www.rajapack.pt\/blog-pt\/wp-content\/uploads\/2022\/10\/Imagem10-1.png 236w, https:\/\/www.rajapack.pt\/blog-pt\/wp-content\/uploads\/2022\/10\/Imagem10-1-150x150.png 150w, https:\/\/www.rajapack.pt\/blog-pt\/wp-content\/uploads\/2022\/10\/Imagem10-1-120x120.png 120w, https:\/\/www.rajapack.pt\/blog-pt\/wp-content\/uploads\/2022\/10\/Imagem10-1-224x225.png 224w, https:\/\/www.rajapack.pt\/blog-pt\/wp-content\/uploads\/2022\/10\/Imagem10-1-100x100.png 100w\" sizes=\"(max-width: 236px) 100vw, 236px\" \/><\/a><\/figure><\/div>\n\n\n<h3 class=\"wp-block-heading\"><span class=\"ez-toc-section\" id=\"Caixa_de_cartao_para_garrafas\"><\/span><a href=\"https:\/\/www.rajapack.pt\/embalagens-para-presente-lojas\/estojos-caixas-para-garrafas-presunto\/estojos-para-garrafas\/caixa-apresentacao-para-garrafas-cartao-microcanelado_PDT167580.html\"><strong>Caixa de cart\u00e3o para garrafas<\/strong><\/a><span class=\"ez-toc-section-end\"><\/span><\/h3>\n\n\n\n<p>Caixa de cart\u00e3o para entregar as suas garrafas de modo seguro e sofisticado.<\/p>\n\n\n<div class=\"wp-block-image\">\n<figure class=\"alignleft\"><a href=\"https:\/\/www.rajapack.pt\/embalagens-para-presente-lojas\/estojos-caixas-para-garrafas-presunto\/estojos-para-garrafas\/caixa-apresentacao-para-garrafas-cartao-microcanelado_PDT167580.html\"><img loading=\"lazy\" decoding=\"async\" width=\"250\" height=\"250\" src=\"https:\/\/www.rajapack.pt\/blog-pt\/wp-content\/uploads\/2022\/10\/Imagem11.png\" alt=\"\" class=\"wp-image-13921\" srcset=\"https:\/\/www.rajapack.pt\/blog-pt\/wp-content\/uploads\/2022\/10\/Imagem11.png 250w, https:\/\/www.rajapack.pt\/blog-pt\/wp-content\/uploads\/2022\/10\/Imagem11-150x150.png 150w, https:\/\/www.rajapack.pt\/blog-pt\/wp-content\/uploads\/2022\/10\/Imagem11-120x120.png 120w, https:\/\/www.rajapack.pt\/blog-pt\/wp-content\/uploads\/2022\/10\/Imagem11-225x225.png 225w, https:\/\/www.rajapack.pt\/blog-pt\/wp-content\/uploads\/2022\/10\/Imagem11-100x100.png 100w\" sizes=\"(max-width: 250px) 100vw, 250px\" \/><\/a><\/figure><\/div>\n\n\n<h3 class=\"wp-block-heading\"><span class=\"ez-toc-section\" id=\"Estojo_para_garrafas_acabamento_Lezard\"><\/span><a href=\"https:\/\/www.rajapack.pt\/embalagens-para-presente-lojas\/estojos-caixas-para-garrafas-presunto\/estojos-para-garrafas\/caixas-para-garrafas-vinho-espumante_PDT00480.html\"><strong>Estojo para garrafas acabamento L\u00e9zard<\/strong><\/a><span class=\"ez-toc-section-end\"><\/span><\/h3>\n\n\n\n<p>Caixa de cor preta elegante de cart\u00e3o acetinado (efeito pele de crocodilo) ideal para &nbsp;garrafas de vinhos espumantes, vinhos, licores.<\/p>\n\n\n<div class=\"wp-block-image\">\n<figure class=\"alignleft\"><a href=\"https:\/\/www.rajapack.pt\/embalagens-para-presente-lojas\/estojos-caixas-para-garrafas-presunto\/estojos-para-garrafas\/caixas-para-garrafas-vinho-espumante_PDT00480.html\"><img loading=\"lazy\" decoding=\"async\" width=\"217\" height=\"216\" src=\"https:\/\/www.rajapack.pt\/blog-pt\/wp-content\/uploads\/2022\/10\/Imagem12.jpg\" alt=\"\" class=\"wp-image-13922\" srcset=\"https:\/\/www.rajapack.pt\/blog-pt\/wp-content\/uploads\/2022\/10\/Imagem12.jpg 217w, https:\/\/www.rajapack.pt\/blog-pt\/wp-content\/uploads\/2022\/10\/Imagem12-150x150.jpg 150w, https:\/\/www.rajapack.pt\/blog-pt\/wp-content\/uploads\/2022\/10\/Imagem12-120x120.jpg 120w, https:\/\/www.rajapack.pt\/blog-pt\/wp-content\/uploads\/2022\/10\/Imagem12-100x100.jpg 100w\" sizes=\"(max-width: 217px) 100vw, 217px\" \/><\/a><\/figure><\/div>\n\n\n<p>O leque de possibilidades neste Natal \u00e9 muito amplo e dispomos de in\u00fameras solu\u00e7\u00f5es para que a sua loja tenha todas as embalagens necess\u00e1rias para agradar aos seus clientes. Poder\u00e1&nbsp; entrar em contacto com os nossos especialistas atrav\u00e9s do n\u00famero de telefone<strong> 707 788 008<\/strong> ou atrav\u00e9s do email:&nbsp;<a href=\"https:\/\/www.rajapack.pt\/blog-pt\/e-commerce\/erros-a-embalar-que-deve-evitar-no-seu-e-commerce\/contacto@rajapack.pt\">contacto@rajapack.pt <\/a>ter\u00e3o todo o gosto em ajud\u00e1-lo\/a escolher quais os produtos para completar as suas embalagens e presentes durante estas datas festivas.<\/p>\n\n\n\n<h3 class=\"wp-block-heading\"><span class=\"ez-toc-section\" id=\"Estojo_para_garrafas_acabamento_Lezard-2\"><\/span><a href=\"https:\/\/www.rajapack.pt\/embalagens-para-presente-lojas\/estojos-caixas-para-garrafas-presunto\/estojos-para-garrafas\/caixas-para-garrafas-vinho-espumante_PDT00480.html\"><strong>Estojo para garrafas acabamento L\u00e9zard<\/strong><\/a><span class=\"ez-toc-section-end\"><\/span><\/h3>\n\n\n\n<h3 class=\"has-text-align-left wp-block-heading\"><span class=\"ez-toc-section\" id=\"efeito_pele_de_crocodiloideal_para\"><\/span>(efeito pele de crocodilo)ideal para &nbsp;<span class=\"ez-toc-section-end\"><\/span><\/h3>\n\n\n\n<h3 class=\"has-text-align-left wp-block-heading\"><span class=\"ez-toc-section\" id=\"Caixa_de_cor_preta_elegante_de_cartao_acetinado\"><\/span>Caixa de cor preta elegante de cart\u00e3o acetinado <span class=\"ez-toc-section-end\"><\/span><\/h3>\n\n\n\n<h3 class=\"has-text-align-left wp-block-heading\"><span class=\"ez-toc-section\" id=\"garrafas_de_vinhos_espumantes_vinhos_licores\"><\/span>garrafas de vinhos espumantes, vinhos, licores.<span class=\"ez-toc-section-end\"><\/span><\/h3>\n","protected":false},"excerpt":{"rendered":"<p>As comemora\u00e7\u00f5es de fim de ano est\u00e3o a aproximar-se a passos largos, para muitos dos nossos clientes esta \u00e9 uma das \u00e9pocas mais importantes do ano. Gerir o seu stock [&#8230;]<\/p>\n","protected":false},"author":79,"featured_media":13895,"comment_status":"open","ping_status":"open","sticky":false,"template":"","format":"standard","meta":{"_acf_changed":false,"footnotes":""},"categories":[556],"tags":[561,551],"class_list":["post-13872","post","type-post","status-publish","format-standard","has-post-thumbnail","hentry","category-embalagens","tag-e-commerce","tag-embalagens"],"acf":[],"yoast_head":"\n<title>Artigos fundamentais para o seu Natal! | Rajapack<\/title>\n<meta name=\"robots\" content=\"index, follow, max-snippet:-1, max-image-preview:large, max-video-preview:-1\" \/>\n<link rel=\"canonical\" href=\"https:\/\/www.rajapack.pt\/blog-pt\/embalagens\/artigos-fundamentais-para-o-seu-natal\" \/>\n<meta property=\"og:locale\" content=\"pt_PT\" \/>\n<meta property=\"og:type\" content=\"article\" \/>\n<meta property=\"og:title\" content=\"Artigos fundamentais para o seu Natal! | Rajapack\" \/>\n<meta property=\"og:description\" content=\"As comemora\u00e7\u00f5es de fim de ano est\u00e3o a aproximar-se a passos largos, para muitos dos nossos clientes esta \u00e9 uma das \u00e9pocas mais importantes do ano. Gerir o seu stock [...]\" \/>\n<meta property=\"og:url\" content=\"https:\/\/www.rajapack.pt\/blog-pt\/embalagens\/artigos-fundamentais-para-o-seu-natal\" \/>\n<meta property=\"og:site_name\" content=\"Tudo para embalagem | Rajapack\" \/>\n<meta property=\"article:published_time\" content=\"2022-12-19T10:13:01+00:00\" \/>\n<meta property=\"article:modified_time\" content=\"2022-12-19T10:13:04+00:00\" \/>\n<meta property=\"og:image\" content=\"https:\/\/www.rajapack.pt\/blog-pt\/wp-content\/uploads\/2022\/10\/Capturar.png\" \/>\n\t<meta property=\"og:image:width\" content=\"988\" \/>\n\t<meta property=\"og:image:height\" content=\"397\" \/>\n\t<meta property=\"og:image:type\" content=\"image\/png\" \/>\n<meta name=\"author\" content=\"Artur SILVA\" \/>\n<meta name=\"twitter:card\" content=\"summary_large_image\" \/>\n<meta name=\"twitter:label1\" content=\"Escrito por\" \/>\n\t<meta name=\"twitter:data1\" content=\"Artur SILVA\" \/>\n\t<meta name=\"twitter:label2\" content=\"Tempo estimado de leitura\" \/>\n\t<meta name=\"twitter:data2\" content=\"3 minutos\" \/>\n<script type=\"application\/ld+json\" class=\"yoast-schema-graph\">{\n\t    \"@context\": \"https:\/\/schema.org\",\n\t    \"@graph\": [\n\t        {\n\t            \"@type\": \"WebPage\",\n\t            \"@id\": \"https:\/\/www.rajapack.pt\/blog-pt\/embalagens\/artigos-fundamentais-para-o-seu-natal\",\n\t            \"url\": \"https:\/\/www.rajapack.pt\/blog-pt\/embalagens\/artigos-fundamentais-para-o-seu-natal\",\n\t            \"name\": \"Artigos fundamentais para o seu Natal! | Rajapack\",\n\t            \"isPartOf\": {\n\t                \"@id\": \"https:\/\/www.rajapack.pt\/blog-pt\/#website\"\n\t            },\n\t            \"primaryImageOfPage\": {\n\t                \"@id\": \"https:\/\/www.rajapack.pt\/blog-pt\/embalagens\/artigos-fundamentais-para-o-seu-natal#primaryimage\"\n\t            },\n\t            \"image\": {\n\t                \"@id\": \"https:\/\/www.rajapack.pt\/blog-pt\/embalagens\/artigos-fundamentais-para-o-seu-natal#primaryimage\"\n\t            },\n\t            \"thumbnailUrl\": \"https:\/\/www.rajapack.pt\/blog-pt\/wp-content\/uploads\/2022\/10\/Capturar.png\",\n\t            \"datePublished\": \"2022-12-19T10:13:01+00:00\",\n\t            \"dateModified\": \"2022-12-19T10:13:04+00:00\",\n\t            \"author\": {\n\t                \"@id\": \"https:\/\/www.rajapack.pt\/blog-pt\/#\/schema\/person\/df462f28a2c85574b59591ba9eebc6a3\"\n\t            },\n\t            \"inLanguage\": \"pt-PT\",\n\t            \"potentialAction\": [\n\t                {\n\t                    \"@type\": \"ReadAction\",\n\t                    \"target\": [\n\t                        \"https:\/\/www.rajapack.pt\/blog-pt\/embalagens\/artigos-fundamentais-para-o-seu-natal\"\n\t                    ]\n\t                }\n\t            ]\n\t        },\n\t        {\n\t            \"@type\": \"ImageObject\",\n\t            \"inLanguage\": \"pt-PT\",\n\t            \"@id\": \"https:\/\/www.rajapack.pt\/blog-pt\/embalagens\/artigos-fundamentais-para-o-seu-natal#primaryimage\",\n\t            \"url\": \"https:\/\/www.rajapack.pt\/blog-pt\/wp-content\/uploads\/2022\/10\/Capturar.png\",\n\t            \"contentUrl\": \"https:\/\/www.rajapack.pt\/blog-pt\/wp-content\/uploads\/2022\/10\/Capturar.png\",\n\t            \"width\": 988,\n\t            \"height\": 397\n\t        },\n\t        {\n\t            \"@type\": \"WebSite\",\n\t            \"@id\": \"https:\/\/www.rajapack.pt\/blog-pt\/#website\",\n\t            \"url\": \"https:\/\/www.rajapack.pt\/blog-pt\/\",\n\t            \"name\": \"Tudo para embalagem | Rajapack\",\n\t            \"description\": \"O seu blog para Embalagens, Log\u00edstica e muito mais\",\n\t            \"potentialAction\": [\n\t                {\n\t                    \"@type\": \"SearchAction\",\n\t                    \"target\": {\n\t                        \"@type\": \"EntryPoint\",\n\t                        \"urlTemplate\": \"https:\/\/www.rajapack.pt\/blog-pt\/?s={search_term_string}\"\n\t                    },\n\t                    \"query-input\": \"required name=search_term_string\"\n\t                }\n\t            ],\n\t            \"inLanguage\": \"pt-PT\"\n\t        },\n\t        {\n\t            \"@type\": \"Person\",\n\t            \"@id\": \"https:\/\/www.rajapack.pt\/blog-pt\/#\/schema\/person\/df462f28a2c85574b59591ba9eebc6a3\",\n\t            \"name\": \"Artur SILVA\",\n\t            \"image\": {\n\t                \"@type\": \"ImageObject\",\n\t                \"inLanguage\": \"pt-PT\",\n\t                \"@id\": \"https:\/\/www.rajapack.pt\/blog-pt\/#\/schema\/person\/image\/\",\n\t                \"url\": \"https:\/\/secure.gravatar.com\/avatar\/a8064c2c43611a0253a12dd4e2cebb25?s=96&d=mm&r=g\",\n\t                \"contentUrl\": \"https:\/\/secure.gravatar.com\/avatar\/a8064c2c43611a0253a12dd4e2cebb25?s=96&d=mm&r=g\",\n\t                \"caption\": \"Artur SILVA\"\n\t            },\n\t            \"description\": \"RAJAPACK PT\",\n\t            \"url\": \"https:\/\/www.rajapack.pt\/blog-pt\/author\/asilvarajapack-pt\"\n\t        }\n\t    ]\n\t}<\/script>\n","yoast_head_json":{"title":"Artigos fundamentais para o seu Natal! | Rajapack","robots":{"index":"index","follow":"follow","max-snippet":"max-snippet:-1","max-image-preview":"max-image-preview:large","max-video-preview":"max-video-preview:-1"},"canonical":"https:\/\/www.rajapack.pt\/blog-pt\/embalagens\/artigos-fundamentais-para-o-seu-natal","og_locale":"pt_PT","og_type":"article","og_title":"Artigos fundamentais para o seu Natal! | Rajapack","og_description":"As comemora\u00e7\u00f5es de fim de ano est\u00e3o a aproximar-se a passos largos, para muitos dos nossos clientes esta \u00e9 uma das \u00e9pocas mais importantes do ano. Gerir o seu stock [...]","og_url":"https:\/\/www.rajapack.pt\/blog-pt\/embalagens\/artigos-fundamentais-para-o-seu-natal","og_site_name":"Tudo para embalagem | Rajapack","article_published_time":"2022-12-19T10:13:01+00:00","article_modified_time":"2022-12-19T10:13:04+00:00","og_image":[{"width":988,"height":397,"url":"https:\/\/www.rajapack.pt\/blog-pt\/wp-content\/uploads\/2022\/10\/Capturar.png","type":"image\/png"}],"author":"Artur SILVA","twitter_card":"summary_large_image","twitter_misc":{"Escrito por":"Artur SILVA","Tempo estimado de leitura":"3 minutos"},"schema":{"@context":"https:\/\/schema.org","@graph":[{"@type":"WebPage","@id":"https:\/\/www.rajapack.pt\/blog-pt\/embalagens\/artigos-fundamentais-para-o-seu-natal","url":"https:\/\/www.rajapack.pt\/blog-pt\/embalagens\/artigos-fundamentais-para-o-seu-natal","name":"Artigos fundamentais para o seu Natal! | Rajapack","isPartOf":{"@id":"https:\/\/www.rajapack.pt\/blog-pt\/#website"},"primaryImageOfPage":{"@id":"https:\/\/www.rajapack.pt\/blog-pt\/embalagens\/artigos-fundamentais-para-o-seu-natal#primaryimage"},"image":{"@id":"https:\/\/www.rajapack.pt\/blog-pt\/embalagens\/artigos-fundamentais-para-o-seu-natal#primaryimage"},"thumbnailUrl":"https:\/\/www.rajapack.pt\/blog-pt\/wp-content\/uploads\/2022\/10\/Capturar.png","datePublished":"2022-12-19T10:13:01+00:00","dateModified":"2022-12-19T10:13:04+00:00","author":{"@id":"https:\/\/www.rajapack.pt\/blog-pt\/#\/schema\/person\/df462f28a2c85574b59591ba9eebc6a3"},"inLanguage":"pt-PT","potentialAction":[{"@type":"ReadAction","target":["https:\/\/www.rajapack.pt\/blog-pt\/embalagens\/artigos-fundamentais-para-o-seu-natal"]}]},{"@type":"ImageObject","inLanguage":"pt-PT","@id":"https:\/\/www.rajapack.pt\/blog-pt\/embalagens\/artigos-fundamentais-para-o-seu-natal#primaryimage","url":"https:\/\/www.rajapack.pt\/blog-pt\/wp-content\/uploads\/2022\/10\/Capturar.png","contentUrl":"https:\/\/www.rajapack.pt\/blog-pt\/wp-content\/uploads\/2022\/10\/Capturar.png","width":988,"height":397},{"@type":"WebSite","@id":"https:\/\/www.rajapack.pt\/blog-pt\/#website","url":"https:\/\/www.rajapack.pt\/blog-pt\/","name":"Tudo para embalagem | Rajapack","description":"O seu blog para Embalagens, Log\u00edstica e muito mais","potentialAction":[{"@type":"SearchAction","target":{"@type":"EntryPoint","urlTemplate":"https:\/\/www.rajapack.pt\/blog-pt\/?s={search_term_string}"},"query-input":"required name=search_term_string"}],"inLanguage":"pt-PT"},{"@type":"Person","@id":"https:\/\/www.rajapack.pt\/blog-pt\/#\/schema\/person\/df462f28a2c85574b59591ba9eebc6a3","name":"Artur SILVA","image":{"@type":"ImageObject","inLanguage":"pt-PT","@id":"https:\/\/www.rajapack.pt\/blog-pt\/#\/schema\/person\/image\/","url":"https:\/\/secure.gravatar.com\/avatar\/a8064c2c43611a0253a12dd4e2cebb25?s=96&d=mm&r=g","contentUrl":"https:\/\/secure.gravatar.com\/avatar\/a8064c2c43611a0253a12dd4e2cebb25?s=96&d=mm&r=g","caption":"Artur SILVA"},"description":"RAJAPACK PT","url":"https:\/\/www.rajapack.pt\/blog-pt\/author\/asilvarajapack-pt"}]}},"_links":{"self":[{"href":"https:\/\/www.rajapack.pt\/blog-pt\/wp-json\/wp\/v2\/posts\/13872"}],"collection":[{"href":"https:\/\/www.rajapack.pt\/blog-pt\/wp-json\/wp\/v2\/posts"}],"about":[{"href":"https:\/\/www.rajapack.pt\/blog-pt\/wp-json\/wp\/v2\/types\/post"}],"author":[{"embeddable":true,"href":"https:\/\/www.rajapack.pt\/blog-pt\/wp-json\/wp\/v2\/users\/79"}],"replies":[{"embeddable":true,"href":"https:\/\/www.rajapack.pt\/blog-pt\/wp-json\/wp\/v2\/comments?post=13872"}],"version-history":[{"count":0,"href":"https:\/\/www.rajapack.pt\/blog-pt\/wp-json\/wp\/v2\/posts\/13872\/revisions"}],"wp:featuredmedia":[{"embeddable":true,"href":"https:\/\/www.rajapack.pt\/blog-pt\/wp-json\/wp\/v2\/media\/13895"}],"wp:attachment":[{"href":"https:\/\/www.rajapack.pt\/blog-pt\/wp-json\/wp\/v2\/media?parent=13872"}],"wp:term":[{"taxonomy":"category","embeddable":true,"href":"https:\/\/www.rajapack.pt\/blog-pt\/wp-json\/wp\/v2\/categories?post=13872"},{"taxonomy":"post_tag","embeddable":true,"href":"https:\/\/www.rajapack.pt\/blog-pt\/wp-json\/wp\/v2\/tags?post=13872"}],"curies":[{"name":"wp","href":"https:\/\/api.w.org\/{rel}","templated":true}]}}