{"id":13943,"date":"2022-12-19T10:11:38","date_gmt":"2022-12-19T10:11:38","guid":{"rendered":"https:\/\/www.rajapack.pt\/blog-pt\/?p=13943"},"modified":"2025-06-11T13:58:18","modified_gmt":"2025-06-11T12:58:18","slug":"como-embalar-obras-de-arte-para-um-transporte-mais-seguro","status":"publish","type":"post","link":"https:\/\/www.rajapack.pt\/blog-pt\/pt-default-category\/como-embalar-obras-de-arte-para-um-transporte-mais-seguro","title":{"rendered":"Como embalar obras de arte para um transporte mais seguro"},"content":{"rendered":"<p>Transportar uma obra de arte \u00e9 uma grande responsabilidade. Uma pintura ou escultura \u00e9 uma obra \u00fanica, certifique-se de que chega ao seu destino em excelentes condi\u00e7\u00f5es. Esta tarefa representa um dos desafios cruciais para o setor, bem como um investimento p\u00fablico e privado consider\u00e1vel. A t\u00edtulo de exemplo, em Espanha o conhecido Museu do Prado gastou mais de seis milh\u00f5es de euros ao transferir obras de arte para exposi\u00e7\u00f5es tempor\u00e1rias desde 2018.<\/p>\n<p>No transporte, a embalagem para o transporte de obras de arte tem um papel preponderante. Na RAJA\u00ae oferecemos-lhe este <strong>guia para que conhe\u00e7a os tipos de embalagens adaptadas a cada pe\u00e7a<\/strong> para quando for necess\u00e1rio transport\u00e1-la, seja para uma exposi\u00e7\u00e3o itinerante, uma venda ou uma mudan\u00e7a de local.<\/p>\n<p><strong>Embalar uma pintura emoldurada<\/strong><\/p>\n<div id=\"ez-toc-container\" class=\"ez-toc-v2_0_67_1 counter-hierarchy ez-toc-counter ez-toc-grey ez-toc-container-direction\">\n<div class=\"ez-toc-title-container\">\n<p class=\"ez-toc-title \" >Table of Contents<\/p>\n<span class=\"ez-toc-title-toggle\"><a href=\"#\" class=\"ez-toc-pull-right ez-toc-btn ez-toc-btn-xs ez-toc-btn-default ez-toc-toggle\" aria-label=\"Toggle Table of Content\"><span class=\"ez-toc-js-icon-con\"><span class=\"\"><span class=\"eztoc-hide\" style=\"display:none;\">Toggle<\/span><span class=\"ez-toc-icon-toggle-span\"><svg style=\"fill: #999;color:#999\" xmlns=\"http:\/\/www.w3.org\/2000\/svg\" class=\"list-377408\" width=\"20px\" height=\"20px\" viewBox=\"0 0 24 24\" fill=\"none\"><path d=\"M6 6H4v2h2V6zm14 0H8v2h12V6zM4 11h2v2H4v-2zm16 0H8v2h12v-2zM4 16h2v2H4v-2zm16 0H8v2h12v-2z\" fill=\"currentColor\"><\/path><\/svg><svg style=\"fill: #999;color:#999\" class=\"arrow-unsorted-368013\" xmlns=\"http:\/\/www.w3.org\/2000\/svg\" width=\"10px\" height=\"10px\" viewBox=\"0 0 24 24\" version=\"1.2\" baseProfile=\"tiny\"><path d=\"M18.2 9.3l-6.2-6.3-6.2 6.3c-.2.2-.3.4-.3.7s.1.5.3.7c.2.2.4.3.7.3h11c.3 0 .5-.1.7-.3.2-.2.3-.5.3-.7s-.1-.5-.3-.7zM5.8 14.7l6.2 6.3 6.2-6.3c.2-.2.3-.5.3-.7s-.1-.5-.3-.7c-.2-.2-.4-.3-.7-.3h-11c-.3 0-.5.1-.7.3-.2.2-.3.5-.3.7s.1.5.3.7z\"\/><\/svg><\/span><\/span><\/span><\/a><\/span><\/div>\n<nav><ul class='ez-toc-list ez-toc-list-level-1 ' ><li class='ez-toc-page-1 ez-toc-heading-level-3'><a class=\"ez-toc-link ez-toc-heading-1\" href=\"https:\/\/www.rajapack.pt\/blog-pt\/pt-default-category\/como-embalar-obras-de-arte-para-um-transporte-mais-seguro\/#1-Embalagem_protetora_em_contato_direto_com_a_obra\" title=\"1-Embalagem protetora em contato direto com a obra\">1-Embalagem protetora em contato direto com a obra<\/a><\/li><li class='ez-toc-page-1 ez-toc-heading-level-3'><a class=\"ez-toc-link ez-toc-heading-2\" href=\"https:\/\/www.rajapack.pt\/blog-pt\/pt-default-category\/como-embalar-obras-de-arte-para-um-transporte-mais-seguro\/#2_Reforcar_os_cantos\" title=\"2. Refor\u00e7ar os cantos\">2. Refor\u00e7ar os cantos<\/a><\/li><li class='ez-toc-page-1 ez-toc-heading-level-3'><a class=\"ez-toc-link ez-toc-heading-3\" href=\"https:\/\/www.rajapack.pt\/blog-pt\/pt-default-category\/como-embalar-obras-de-arte-para-um-transporte-mais-seguro\/#3_Embalagem_secundaria_para_o_transporte_de_quadros_emoldurados\" title=\"3. Embalagem secund\u00e1ria para o transporte de quadros emoldurados\">3. Embalagem secund\u00e1ria para o transporte de quadros emoldurados<\/a><\/li><li class='ez-toc-page-1 ez-toc-heading-level-3'><a class=\"ez-toc-link ez-toc-heading-4\" href=\"https:\/\/www.rajapack.pt\/blog-pt\/pt-default-category\/como-embalar-obras-de-arte-para-um-transporte-mais-seguro\/#4_Protecao_externa_e_paletizacao\" title=\"4. Prote\u00e7\u00e3o externa e paletiza\u00e7\u00e3o\">4. Prote\u00e7\u00e3o externa e paletiza\u00e7\u00e3o<\/a><\/li><li class='ez-toc-page-1 ez-toc-heading-level-3'><a class=\"ez-toc-link ez-toc-heading-5\" href=\"https:\/\/www.rajapack.pt\/blog-pt\/pt-default-category\/como-embalar-obras-de-arte-para-um-transporte-mais-seguro\/#5_Etiquetas_de_expedicao_para_o_transporte_de_obras_de_arte\" title=\"5. Etiquetas de expedi\u00e7\u00e3o para o transporte de obras de arte\">5. Etiquetas de expedi\u00e7\u00e3o para o transporte de obras de arte<\/a><\/li><li class='ez-toc-page-1 ez-toc-heading-level-3'><a class=\"ez-toc-link ez-toc-heading-6\" href=\"https:\/\/www.rajapack.pt\/blog-pt\/pt-default-category\/como-embalar-obras-de-arte-para-um-transporte-mais-seguro\/#Embalagem_para_uma_pintura_ou_fotografia_sem_moldura_que_pode_ser_enrolada\" title=\"Embalagem para uma pintura ou fotografia sem moldura que pode ser enrolada\">Embalagem para uma pintura ou fotografia sem moldura que pode ser enrolada<\/a><\/li><li class='ez-toc-page-1 ez-toc-heading-level-3'><a class=\"ez-toc-link ez-toc-heading-7\" href=\"https:\/\/www.rajapack.pt\/blog-pt\/pt-default-category\/como-embalar-obras-de-arte-para-um-transporte-mais-seguro\/#Tubo_de_envio\" title=\"Tubo de envio:\">Tubo de envio:<\/a><\/li><\/ul><\/nav><\/div>\n<h3><span class=\"ez-toc-section\" id=\"1-Embalagem_protetora_em_contato_direto_com_a_obra\"><\/span><strong>1-Embalagem protetora em contato direto com a obra<\/strong><span class=\"ez-toc-section-end\"><\/span><\/h3>\n<p>Ao acondicionar uma pintura emoldurada, dever\u00e1 envolv\u00ea-la em material de amortecimento resistente a arranh\u00f5es para proteger o vidro da moldura, tornando-a \u00e0 prova de choque de modo a evitar danos durante o transporte.<\/p>\n<p>Poder\u00e1 escolher entre os seguintes materiais para uma maior prote\u00e7\u00e3o:<\/p>\n<div class=\"wp-block-media-text alignwide is-stacked-on-mobile\" style=\"grid-template-columns:31% auto\">\n<figure class=\"wp-block-media-text__media\"><a href=\"https:\/\/www.rajapack.pt\/embalagens-enchimento-protecao\/plastico-bolhas-ar\/plastico-bolhas-ar-rolo\/filme-plastico-bolhas-ar-grandes-pre-cortado-50cm_OFF_ES_0714.html\"><img loading=\"lazy\" decoding=\"async\" width=\"198\" height=\"198\" src=\"https:\/\/www.rajapack.pt\/blog-pt\/wp-content\/uploads\/2022\/11\/Imagembolha.png\" alt=\"\" class=\"wp-image-13945 size-full\" srcset=\"https:\/\/www.rajapack.pt\/blog-pt\/wp-content\/uploads\/2022\/11\/Imagembolha.png 198w, https:\/\/www.rajapack.pt\/blog-pt\/wp-content\/uploads\/2022\/11\/Imagembolha-150x150.png 150w, https:\/\/www.rajapack.pt\/blog-pt\/wp-content\/uploads\/2022\/11\/Imagembolha-120x120.png 120w, https:\/\/www.rajapack.pt\/blog-pt\/wp-content\/uploads\/2022\/11\/Imagembolha-100x100.png 100w\" sizes=\"(max-width: 198px) 100vw, 198px\" \/><\/a><\/figure>\n<div class=\"wp-block-media-text__content\">\n<p><a href=\"https:\/\/www.rajapack.pt\/embalagens-enchimento-protecao\/plastico-bolhas-ar\/plastico-bolhas-ar-rolo\/filme-plastico-bolhas-ar-grandes-pre-cortado-50cm_OFF_ES_0714.html\"><strong>Filme pl\u00e1stico de bolhas<\/strong><\/a><strong><\/strong><\/p>\n<p>Absorve eficazmente o choque.<\/p>\n<\/div>\n<\/div>\n<div class=\"wp-block-media-text alignwide is-stacked-on-mobile\" style=\"grid-template-columns:33% auto\">\n<figure class=\"wp-block-media-text__media\"><img loading=\"lazy\" decoding=\"async\" width=\"191\" height=\"191\" src=\"https:\/\/www.rajapack.pt\/blog-pt\/wp-content\/uploads\/2022\/11\/Imagem32.png\" alt=\"\" class=\"wp-image-13946 size-full\" srcset=\"https:\/\/www.rajapack.pt\/blog-pt\/wp-content\/uploads\/2022\/11\/Imagem32.png 191w, https:\/\/www.rajapack.pt\/blog-pt\/wp-content\/uploads\/2022\/11\/Imagem32-150x150.png 150w, https:\/\/www.rajapack.pt\/blog-pt\/wp-content\/uploads\/2022\/11\/Imagem32-120x120.png 120w, https:\/\/www.rajapack.pt\/blog-pt\/wp-content\/uploads\/2022\/11\/Imagem32-100x100.png 100w\" sizes=\"(max-width: 191px) 100vw, 191px\" \/><\/figure>\n<div class=\"wp-block-media-text__content\">\n<p><a href=\"https:\/\/www.rajapack.pt\/embalagens-enchimento-protecao\/papel-embalagem-cartao\/papel-embalagem-kraft\/papel-embalagem_PDT02287.html\"><strong>Papel para embalar em rolo<\/strong><\/a><strong><\/strong><\/p>\n<p>Embrulhe as pinturas de forma Eco-Respons\u00e1vel.<\/p>\n<\/div>\n<\/div>\n<div class=\"wp-block-media-text alignwide is-stacked-on-mobile\" style=\"grid-template-columns:32% auto\">\n<figure class=\"wp-block-media-text__media\"><a href=\"https:\/\/www.rajapack.pt\/embalagens-para-presente-lojas\/papel-seda-farripas-papel\/papel-seda\/papel-seda-cor_PDT00201.html\"><img loading=\"lazy\" decoding=\"async\" width=\"212\" height=\"212\" src=\"https:\/\/www.rajapack.pt\/blog-pt\/wp-content\/uploads\/2022\/11\/Imagem999.png\" alt=\"\" class=\"wp-image-13948 size-full\" srcset=\"https:\/\/www.rajapack.pt\/blog-pt\/wp-content\/uploads\/2022\/11\/Imagem999.png 212w, https:\/\/www.rajapack.pt\/blog-pt\/wp-content\/uploads\/2022\/11\/Imagem999-150x150.png 150w, https:\/\/www.rajapack.pt\/blog-pt\/wp-content\/uploads\/2022\/11\/Imagem999-120x120.png 120w, https:\/\/www.rajapack.pt\/blog-pt\/wp-content\/uploads\/2022\/11\/Imagem999-100x100.png 100w\" sizes=\"(max-width: 212px) 100vw, 212px\" \/><\/a><\/figure>\n<div class=\"wp-block-media-text__content\">\n<p><a href=\"https:\/\/www.rajapack.pt\/embalagens-para-presente-lojas\/papel-seda-farripas-papel\/papel-seda\/papel-seda-cor_PDT00201.html\"><strong>Papel de seda&nbsp;<\/strong><\/a><\/p>\n<p>Al\u00e9m de suave e elegante, est\u00e1 dispon\u00edvel em cores diferentes<\/p>\n<\/div>\n<\/div>\n<div class=\"wp-block-media-text alignwide is-stacked-on-mobile\" style=\"grid-template-columns:36% auto\">\n<figure class=\"wp-block-media-text__media\"><a href=\"https:\/\/www.rajapack.pt\/embalagens-enchimento-protecao\/protecao-espuma\/placas-tacos-adesivos-espuma\/placa-espuma-polietileno_PDT01317.html\"><img loading=\"lazy\" decoding=\"async\" width=\"171\" height=\"171\" src=\"https:\/\/www.rajapack.pt\/blog-pt\/wp-content\/uploads\/2022\/11\/Imagemespuma.jpg\" alt=\"\" class=\"wp-image-13950 size-full\" srcset=\"https:\/\/www.rajapack.pt\/blog-pt\/wp-content\/uploads\/2022\/11\/Imagemespuma.jpg 171w, https:\/\/www.rajapack.pt\/blog-pt\/wp-content\/uploads\/2022\/11\/Imagemespuma-150x150.jpg 150w, https:\/\/www.rajapack.pt\/blog-pt\/wp-content\/uploads\/2022\/11\/Imagemespuma-120x120.jpg 120w, https:\/\/www.rajapack.pt\/blog-pt\/wp-content\/uploads\/2022\/11\/Imagemespuma-100x100.jpg 100w\" sizes=\"(max-width: 171px) 100vw, 171px\" \/><\/a><\/figure>\n<div class=\"wp-block-media-text__content\">\n<p><a href=\"https:\/\/www.rajapack.pt\/embalagens-enchimento-protecao\/protecao-espuma\/placas-tacos-adesivos-espuma\/placa-espuma-polietileno_PDT01317.html\"><strong>Placa de espuma<\/strong><\/a><strong><\/strong><\/p>\n<p>Pode ser cortada para acondicionar a moldura e preencher o interior da caixa.<\/p>\n<\/div>\n<\/div>\n<h3><span class=\"ez-toc-section\" id=\"2_Reforcar_os_cantos\"><\/span><strong>2. Refor\u00e7ar os cantos<\/strong><span class=\"ez-toc-section-end\"><\/span><\/h3>\n<div class=\"wp-block-columns\">\n<div class=\"wp-block-column\">\n<div class=\"wp-block-media-text alignwide is-stacked-on-mobile is-vertically-aligned-center\" style=\"grid-template-columns:31% auto\">\n<figure class=\"wp-block-media-text__media\"><img loading=\"lazy\" decoding=\"async\" width=\"280\" height=\"280\" src=\"https:\/\/www.rajapack.pt\/blog-pt\/wp-content\/uploads\/2022\/11\/Imagem5111-2.png\" alt=\"\" class=\"wp-image-13955 size-full\" srcset=\"https:\/\/www.rajapack.pt\/blog-pt\/wp-content\/uploads\/2022\/11\/Imagem5111-2.png 280w, https:\/\/www.rajapack.pt\/blog-pt\/wp-content\/uploads\/2022\/11\/Imagem5111-2-150x150.png 150w, https:\/\/www.rajapack.pt\/blog-pt\/wp-content\/uploads\/2022\/11\/Imagem5111-2-120x120.png 120w, https:\/\/www.rajapack.pt\/blog-pt\/wp-content\/uploads\/2022\/11\/Imagem5111-2-225x225.png 225w, https:\/\/www.rajapack.pt\/blog-pt\/wp-content\/uploads\/2022\/11\/Imagem5111-2-100x100.png 100w\" sizes=\"(max-width: 280px) 100vw, 280px\" \/><\/figure>\n<div class=\"wp-block-media-text__content\">\n<p>\u00c9 aconselh\u00e1vel proteger os cantos com <a href=\"https:\/\/www.rajapack.pt\/filme-paletizacao\/paletes-acessorios-paletizacao\/cantoneiras-cantos-protecao-para-paletes\/cantoneira-100-cartao_PDT01566.html\">Cantoneiras<\/a> para evitar impactos diretos durante o transporte.<\/p>\n<\/p>\n<\/div>\n<\/div>\n<\/div>\n<\/div>\n<h3><span class=\"ez-toc-section\" id=\"3_Embalagem_secundaria_para_o_transporte_de_quadros_emoldurados\"><\/span><strong>3. Embalagem secund\u00e1ria para o transporte de quadros emoldurados<\/strong><span class=\"ez-toc-section-end\"><\/span><\/h3>\n<p>Dever\u00e1 de seguida selecionar a embalagem espec\u00edfica para quadros emoldurados que seja o mais pr\u00f3ximo poss\u00edvel do tamanho da obra:<\/p>\n<div class=\"wp-block-media-text alignwide is-stacked-on-mobile\" style=\"grid-template-columns:36% auto\">\n<figure class=\"wp-block-media-text__media\"><a href=\"https:\/\/www.rajapack.pt\/caixas-cartao-contentores-caixas-postais\/caixas-estojos-para-envios-postais\/embalagens-para-livros\/estojo-cruz_PDT00459.html\" target=\"_blank\" rel=\"noreferrer noopener\"><img loading=\"lazy\" decoding=\"async\" width=\"195\" height=\"195\" src=\"https:\/\/www.rajapack.pt\/blog-pt\/wp-content\/uploads\/2022\/11\/Imagem6.png\" alt=\"\" class=\"wp-image-13957 size-full\" srcset=\"https:\/\/www.rajapack.pt\/blog-pt\/wp-content\/uploads\/2022\/11\/Imagem6.png 195w, https:\/\/www.rajapack.pt\/blog-pt\/wp-content\/uploads\/2022\/11\/Imagem6-150x150.png 150w, https:\/\/www.rajapack.pt\/blog-pt\/wp-content\/uploads\/2022\/11\/Imagem6-120x120.png 120w, https:\/\/www.rajapack.pt\/blog-pt\/wp-content\/uploads\/2022\/11\/Imagem6-100x100.png 100w\" sizes=\"(max-width: 195px) 100vw, 195px\" \/><\/a><\/figure>\n<div class=\"wp-block-media-text__content\">\n<p><a href=\"https:\/\/www.rajapack.pt\/caixas-cartao-contentores-caixas-postais\/caixas-estojos-para-envios-postais\/embalagens-para-livros\/estojo-cruz_PDT00459.html\"><strong>Estojo em cruz<\/strong><\/a><strong><\/strong><\/p>\n<p>\u00c9 muito protetor devido \u00e0s suas abas de cart\u00e3o. Al\u00e9m disso, adapta-se \u00e0 espessura do quadro.<strong><u><\/u><\/strong><\/p>\n<\/div>\n<\/div>\n<div class=\"wp-block-media-text alignwide is-stacked-on-mobile\" style=\"grid-template-columns:40% auto\">\n<figure class=\"wp-block-media-text__media\"><img loading=\"lazy\" decoding=\"async\" width=\"216\" height=\"216\" src=\"https:\/\/www.rajapack.pt\/blog-pt\/wp-content\/uploads\/2022\/11\/Imagem784564.png\" alt=\"\" class=\"wp-image-13958 size-full\" srcset=\"https:\/\/www.rajapack.pt\/blog-pt\/wp-content\/uploads\/2022\/11\/Imagem784564.png 216w, https:\/\/www.rajapack.pt\/blog-pt\/wp-content\/uploads\/2022\/11\/Imagem784564-150x150.png 150w, https:\/\/www.rajapack.pt\/blog-pt\/wp-content\/uploads\/2022\/11\/Imagem784564-120x120.png 120w, https:\/\/www.rajapack.pt\/blog-pt\/wp-content\/uploads\/2022\/11\/Imagem784564-100x100.png 100w\" sizes=\"(max-width: 216px) 100vw, 216px\" \/><\/figure>\n<div class=\"wp-block-media-text__content\">\n<p><strong><a href=\"https:\/\/www.rajapack.pt\/caixas-cartao-contentores-caixas-postais\/caixas-cartao-altura-variavel-paletizaveis-especificas\/caixas-cartao-para-produtos-planos\/caixa-cartao-telescopica-para-produtos-planos_PDT00291.html\">Caixa de cart\u00e3o telesc\u00f3pica<\/a><\/strong><\/p>\n<p>\u00c9 ajust\u00e1vel em altura e \u00e9 feito de cart\u00e3o ondulado duplo.<strong><u><\/u><\/strong><\/p>\n<\/div>\n<\/div>\n<div class=\"wp-block-media-text alignwide is-stacked-on-mobile\" style=\"grid-template-columns:41% auto\">\n<figure class=\"wp-block-media-text__media\"><a href=\"https:\/\/www.rajapack.pt\/caixas-cartao-contentores-caixas-postais\/caixas-estojos-para-envios-postais\/caixas-estojos-com-protecao\/caixa-postal-enchimento-espuma-RAJA-mousse_PDT01406.html\"><img loading=\"lazy\" decoding=\"async\" width=\"191\" height=\"191\" src=\"https:\/\/www.rajapack.pt\/blog-pt\/wp-content\/uploads\/2022\/11\/Imagem8874584.png\" alt=\"\" class=\"wp-image-13959 size-full\" srcset=\"https:\/\/www.rajapack.pt\/blog-pt\/wp-content\/uploads\/2022\/11\/Imagem8874584.png 191w, https:\/\/www.rajapack.pt\/blog-pt\/wp-content\/uploads\/2022\/11\/Imagem8874584-150x150.png 150w, https:\/\/www.rajapack.pt\/blog-pt\/wp-content\/uploads\/2022\/11\/Imagem8874584-120x120.png 120w, https:\/\/www.rajapack.pt\/blog-pt\/wp-content\/uploads\/2022\/11\/Imagem8874584-100x100.png 100w\" sizes=\"(max-width: 191px) 100vw, 191px\" \/><\/a><\/figure>\n<div class=\"wp-block-media-text__content\">\n<p><strong><a href=\"https:\/\/www.rajapack.pt\/caixas-cartao-contentores-caixas-postais\/caixas-estojos-para-envios-postais\/caixas-estojos-com-protecao\/caixa-postal-enchimento-espuma-RAJA-mousse_PDT01406.html\">Caixa postal com enchimento de espuma<\/a><\/strong><\/p>\n<p>A espuma anti-choque e anti-riscos integrada \u00e9 ideal para produtos fr\u00e1geis de grande formato.<\/p>\n<\/div>\n<\/div>\n<div class=\"wp-block-media-text alignwide is-stacked-on-mobile\" style=\"grid-template-columns:42% auto\">\n<figure class=\"wp-block-media-text__media\"><a href=\"https:\/\/www.rajapack.pt\/caixas-cartao-contentores-caixas-postais\/caixas-cartao-caixas-americanas\/caixas-cartao-canelado-triplo\/caixa-cartao-canelado-triplo-15mm-rajabox_PDT00335.html\"><img loading=\"lazy\" decoding=\"async\" width=\"164\" height=\"164\" src=\"https:\/\/www.rajapack.pt\/blog-pt\/wp-content\/uploads\/2022\/11\/Imagem9444.png\" alt=\"\" class=\"wp-image-13960 size-full\" srcset=\"https:\/\/www.rajapack.pt\/blog-pt\/wp-content\/uploads\/2022\/11\/Imagem9444.png 164w, https:\/\/www.rajapack.pt\/blog-pt\/wp-content\/uploads\/2022\/11\/Imagem9444-150x150.png 150w, https:\/\/www.rajapack.pt\/blog-pt\/wp-content\/uploads\/2022\/11\/Imagem9444-120x120.png 120w, https:\/\/www.rajapack.pt\/blog-pt\/wp-content\/uploads\/2022\/11\/Imagem9444-100x100.png 100w\" sizes=\"(max-width: 164px) 100vw, 164px\" \/><\/a><\/figure>\n<div class=\"wp-block-media-text__content\">\n<p><a href=\"https:\/\/www.rajapack.pt\/caixas-cartao-contentores-caixas-postais\/caixas-cartao-caixas-americanas\/caixas-cartao-canelado-triplo\/caixa-cartao-canelado-triplo-15mm-rajabox_PDT00335.html\">Caixa de cart\u00e3o canelado triplo<\/a><\/p>\n<p>\u00c9 muito \u00fatil se a moldura for muito grande ou se estiver empacotando v\u00e1rias obras de arte de uma s\u00f3 vez.<\/p>\n<\/div>\n<\/div>\n<div class=\"wp-block-media-text alignwide is-stacked-on-mobile\" style=\"grid-template-columns:39% auto\">\n<figure class=\"wp-block-media-text__media\"><a href=\"https:\/\/www.rajapack.pt\/caixas-cartao-contentores-caixas-postais\/caixas-contentores-para-exportacao-produtos-pesados\/caixas-contentores-madeira\/caixa-madeira-contraplacada_PDT00360.html\"><img loading=\"lazy\" decoding=\"async\" width=\"190\" height=\"190\" src=\"https:\/\/www.rajapack.pt\/blog-pt\/wp-content\/uploads\/2022\/11\/Imagem1010.png\" alt=\"\" class=\"wp-image-13962 size-full\" srcset=\"https:\/\/www.rajapack.pt\/blog-pt\/wp-content\/uploads\/2022\/11\/Imagem1010.png 190w, https:\/\/www.rajapack.pt\/blog-pt\/wp-content\/uploads\/2022\/11\/Imagem1010-150x150.png 150w, https:\/\/www.rajapack.pt\/blog-pt\/wp-content\/uploads\/2022\/11\/Imagem1010-120x120.png 120w, https:\/\/www.rajapack.pt\/blog-pt\/wp-content\/uploads\/2022\/11\/Imagem1010-100x100.png 100w\" sizes=\"(max-width: 190px) 100vw, 190px\" \/><\/a><\/figure>\n<div class=\"wp-block-media-text__content\">\n<p><a href=\"https:\/\/www.rajapack.pt\/caixas-cartao-contentores-caixas-postais\/caixas-contentores-para-exportacao-produtos-pesados\/caixas-contentores-madeira\/caixa-madeira-contraplacada_PDT00360.html\">Caixa de madeira contraplacada<\/a><\/p>\n<p>Garanta a m\u00e1xima prote\u00e7\u00e3o para obras de arte &nbsp;muito fr\u00e1geis ou de valor elevado.<\/p>\n<\/div>\n<\/div>\n<h3><span class=\"ez-toc-section\" id=\"4_Protecao_externa_e_paletizacao\"><\/span><strong>4. Prote\u00e7\u00e3o externa e paletiza\u00e7\u00e3o<\/strong><span class=\"ez-toc-section-end\"><\/span><\/h3>\n<div class=\"wp-block-media-text alignwide is-stacked-on-mobile\" style=\"grid-template-columns:37% auto\">\n<figure class=\"wp-block-media-text__media\"><a href=\"https:\/\/www.rajapack.es\/film-paletizacion\/film-extensible-preestirado-manual\/film-extensible-manual-transparente-rajastretch_PDT02454.html\"><img loading=\"lazy\" decoding=\"async\" width=\"169\" height=\"169\" src=\"https:\/\/www.rajapack.pt\/blog-pt\/wp-content\/uploads\/2022\/11\/Imagem11.png\" alt=\"\" class=\"wp-image-13964 size-full\" srcset=\"https:\/\/www.rajapack.pt\/blog-pt\/wp-content\/uploads\/2022\/11\/Imagem11.png 169w, https:\/\/www.rajapack.pt\/blog-pt\/wp-content\/uploads\/2022\/11\/Imagem11-150x150.png 150w, https:\/\/www.rajapack.pt\/blog-pt\/wp-content\/uploads\/2022\/11\/Imagem11-120x120.png 120w, https:\/\/www.rajapack.pt\/blog-pt\/wp-content\/uploads\/2022\/11\/Imagem11-100x100.png 100w\" sizes=\"(max-width: 169px) 100vw, 169px\" \/><\/a><\/figure>\n<div class=\"wp-block-media-text__content\">\n<p><a href=\"https:\/\/www.rajapack.es\/film-paletizacion\/film-extensible-preestirado-manual\/film-extensible-manual-transparente-rajastretch_PDT02454.html\">Filme estir\u00e1vel<\/a><\/p>\n<p>Recomendamos que embrulhe a embalagem com <strong>filme estir\u00e1vel<\/strong> <strong>resistente \u00e0 humidade para compactar a embalagem.<\/strong><\/p>\n<\/div>\n<\/div>\n<div class=\"wp-block-media-text alignwide is-stacked-on-mobile\" style=\"grid-template-columns:33% auto\">\n<figure class=\"wp-block-media-text__media\"><a href=\"https:\/\/www.rajapack.pt\/embalagens-enchimento-protecao\/papel-embalagem-cartao\/papel-embalagem-kraft\/papel-kraft-natural-rolo-qualidade-72-gr-m2-rajakraft-super_PDT01638.html\"><img loading=\"lazy\" decoding=\"async\" width=\"126\" height=\"126\" src=\"https:\/\/www.rajapack.pt\/blog-pt\/wp-content\/uploads\/2022\/11\/Imagem1288.jpg\" alt=\"\" class=\"wp-image-13965 size-full\" srcset=\"https:\/\/www.rajapack.pt\/blog-pt\/wp-content\/uploads\/2022\/11\/Imagem1288.jpg 126w, https:\/\/www.rajapack.pt\/blog-pt\/wp-content\/uploads\/2022\/11\/Imagem1288-120x120.jpg 120w, https:\/\/www.rajapack.pt\/blog-pt\/wp-content\/uploads\/2022\/11\/Imagem1288-100x100.jpg 100w\" sizes=\"(max-width: 126px) 100vw, 126px\" \/><\/a><\/figure>\n<div class=\"wp-block-media-text__content\">\n<p><a href=\"https:\/\/www.rajapack.pt\/embalagens-enchimento-protecao\/papel-embalagem-cartao\/papel-embalagem-kraft\/papel-kraft-natural-rolo-qualidade-72-gr-m2-rajakraft-super_PDT01638.html\">Papel kraft natural<\/a><\/p>\n<p>Poder\u00e1 optar por esta fant\u00e1stica op\u00e7\u00e3o al\u00e9m de biodegrad\u00e1vel tamb\u00e9m \u00e9 recicl\u00e1vel.<\/p>\n<\/div>\n<\/div>\n<h3><span class=\"ez-toc-section\" id=\"5_Etiquetas_de_expedicao_para_o_transporte_de_obras_de_arte\"><\/span><strong>5. Etiquetas de expedi\u00e7\u00e3o para o transporte de obras de arte<\/strong><span class=\"ez-toc-section-end\"><\/span><\/h3>\n<div class=\"wp-block-media-text alignwide is-stacked-on-mobile\" style=\"grid-template-columns:33% auto\">\n<figure class=\"wp-block-media-text__media\"><img loading=\"lazy\" decoding=\"async\" width=\"174\" height=\"174\" src=\"https:\/\/www.rajapack.pt\/blog-pt\/wp-content\/uploads\/2022\/11\/fragil.png\" alt=\"\" class=\"wp-image-13966 size-full\" srcset=\"https:\/\/www.rajapack.pt\/blog-pt\/wp-content\/uploads\/2022\/11\/fragil.png 174w, https:\/\/www.rajapack.pt\/blog-pt\/wp-content\/uploads\/2022\/11\/fragil-150x150.png 150w, https:\/\/www.rajapack.pt\/blog-pt\/wp-content\/uploads\/2022\/11\/fragil-120x120.png 120w, https:\/\/www.rajapack.pt\/blog-pt\/wp-content\/uploads\/2022\/11\/fragil-100x100.png 100w\" sizes=\"(max-width: 174px) 100vw, 174px\" \/><\/figure>\n<div class=\"wp-block-media-text__content\">\n<p><a href=\"https:\/\/www.rajapack.pt\/etiquetagem-sinalizacao\/etiquetas-embalagem-expedicao\/etiquetas-expedicao_C602010.html\">Etiquetas de expedi\u00e7\u00e3o<\/a><\/p>\n<p>Independente da obra que deseja enviar, n\u00e3o deixe de colar uma <a href=\"https:\/\/www.rajapack.pt\/etiquetagem-sinalizacao\/etiquetas-embalagem-expedicao\/etiquetas-expedicao\/etiquetas-expedicao-fragil_OFF_ES_0686.html\">etiqueta \u201cFr\u00e1gil\u201d<\/a> nele para destacar que o produto \u00e9 fr\u00e1gil no manuseio e transporte. <strong>Esta \u00e9 uma das boas pr\u00e1ticas indicadas para o embarque de mercadorias fr\u00e1geis.<\/strong><\/p>\n<\/div>\n<\/div>\n<h3><span class=\"ez-toc-section\" id=\"Embalagem_para_uma_pintura_ou_fotografia_sem_moldura_que_pode_ser_enrolada\"><\/span><strong>Embalagem para uma pintura ou fotografia sem moldura que pode ser enrolada<\/strong><span class=\"ez-toc-section-end\"><\/span><\/h3>\n<p>Se a <strong>obra puder ser enrolada<\/strong>, poder\u00e1 coloc\u00e1-la entre duas folhas de papel de seda e cobrir o cilindro com papel kraft, filme pl\u00e1stico bolha ou espuma. Por fim, escolha uma embalagem de cart\u00e3o para guardar o conte\u00fado:<\/p>\n<h3 class=\"has-text-align-center\"><span class=\"ez-toc-section\" id=\"Tubo_de_envio\"><\/span><strong>Tubo de envio:<\/strong><span class=\"ez-toc-section-end\"><\/span><\/h3>\n<div class=\"wp-block-columns\">\n<div class=\"wp-block-column\">\n<figure class=\"wp-block-image size-full\"><img loading=\"lazy\" decoding=\"async\" width=\"299\" height=\"299\" src=\"https:\/\/www.rajapack.pt\/blog-pt\/wp-content\/uploads\/2022\/11\/Imagem1414-1.png\" alt=\"\" class=\"wp-image-13970\" srcset=\"https:\/\/www.rajapack.pt\/blog-pt\/wp-content\/uploads\/2022\/11\/Imagem1414-1.png 299w, https:\/\/www.rajapack.pt\/blog-pt\/wp-content\/uploads\/2022\/11\/Imagem1414-1-150x150.png 150w, https:\/\/www.rajapack.pt\/blog-pt\/wp-content\/uploads\/2022\/11\/Imagem1414-1-225x225.png 225w, https:\/\/www.rajapack.pt\/blog-pt\/wp-content\/uploads\/2022\/11\/Imagem1414-1-100x100.png 100w\" sizes=\"(max-width: 299px) 100vw, 299px\" \/><figcaption class=\"wp-element-caption\"><strong><a href=\"https:\/\/www.rajapack.pt\/envelopes-tubos-para-envios\/tubos-envio\/tubos-envio-redondos\/tubo-envio-castanho-raja_PDT05623.html\">Redondo<\/a><\/strong><\/figcaption><\/figure>\n<\/div>\n<div class=\"wp-block-column\">\n<figure class=\"wp-block-image size-full\"><img loading=\"lazy\" decoding=\"async\" width=\"271\" height=\"272\" src=\"https:\/\/www.rajapack.pt\/blog-pt\/wp-content\/uploads\/2022\/11\/Imagem15-1.png\" alt=\"\" class=\"wp-image-13971\" srcset=\"https:\/\/www.rajapack.pt\/blog-pt\/wp-content\/uploads\/2022\/11\/Imagem15-1.png 271w, https:\/\/www.rajapack.pt\/blog-pt\/wp-content\/uploads\/2022\/11\/Imagem15-1-150x150.png 150w, https:\/\/www.rajapack.pt\/blog-pt\/wp-content\/uploads\/2022\/11\/Imagem15-1-224x225.png 224w, https:\/\/www.rajapack.pt\/blog-pt\/wp-content\/uploads\/2022\/11\/Imagem15-1-100x100.png 100w\" sizes=\"(max-width: 271px) 100vw, 271px\" \/><figcaption class=\"wp-element-caption\"><a href=\"https:\/\/www.rajapack.pt\/envelopes-tubos-para-envios\/tubos-envio\/tubos-envio-quadrados-triangulares\/tubo-quadrado-quattropac_PDT02505.html\">Quadrado<\/a><\/figcaption><\/figure>\n<\/div>\n<div class=\"wp-block-column\">\n<figure class=\"wp-block-image size-full\"><img loading=\"lazy\" decoding=\"async\" width=\"410\" height=\"410\" src=\"https:\/\/www.rajapack.pt\/blog-pt\/wp-content\/uploads\/2022\/11\/tubo-triangular-com-fecho-adesivo-raja_PDT00308.webp\" alt=\"\" class=\"wp-image-13972\" srcset=\"https:\/\/www.rajapack.pt\/blog-pt\/wp-content\/uploads\/2022\/11\/tubo-triangular-com-fecho-adesivo-raja_PDT00308.webp 410w, https:\/\/www.rajapack.pt\/blog-pt\/wp-content\/uploads\/2022\/11\/tubo-triangular-com-fecho-adesivo-raja_PDT00308-300x300.webp 300w, https:\/\/www.rajapack.pt\/blog-pt\/wp-content\/uploads\/2022\/11\/tubo-triangular-com-fecho-adesivo-raja_PDT00308-150x150.webp 150w, https:\/\/www.rajapack.pt\/blog-pt\/wp-content\/uploads\/2022\/11\/tubo-triangular-com-fecho-adesivo-raja_PDT00308-225x225.webp 225w, https:\/\/www.rajapack.pt\/blog-pt\/wp-content\/uploads\/2022\/11\/tubo-triangular-com-fecho-adesivo-raja_PDT00308-100x100.webp 100w\" sizes=\"(max-width: 410px) 100vw, 410px\" \/><figcaption class=\"wp-element-caption\"><a href=\"https:\/\/www.rajapack.pt\/envelopes-tubos-para-envios\/tubos-envio\/tubos-envio-quadrados-triangulares\/tubo-envio-triangular-triopac-castanho_PDT00308.html\">Triangular<\/a><\/figcaption><\/figure>\n<\/div>\n<\/div>\n<div class=\"wp-block-media-text alignwide is-stacked-on-mobile\" style=\"grid-template-columns:35% auto\">\n<figure class=\"wp-block-media-text__media\"><a href=\"https:\/\/www.rajapack.pt\/caixas-cartao-contentores-caixas-postais\/caixas-cartao-altura-variavel-paletizaveis-especificas\/caixas-cartao-para-produtos-compridos\/caixa-comprida-telescopica_PDT00247.html\"><img loading=\"lazy\" decoding=\"async\" width=\"410\" height=\"410\" src=\"https:\/\/www.rajapack.pt\/blog-pt\/wp-content\/uploads\/2022\/11\/caixa-comprida-telesc-pica_PDT00247.webp\" alt=\"\" class=\"wp-image-13974 size-full\" srcset=\"https:\/\/www.rajapack.pt\/blog-pt\/wp-content\/uploads\/2022\/11\/caixa-comprida-telesc-pica_PDT00247.webp 410w, https:\/\/www.rajapack.pt\/blog-pt\/wp-content\/uploads\/2022\/11\/caixa-comprida-telesc-pica_PDT00247-300x300.webp 300w, https:\/\/www.rajapack.pt\/blog-pt\/wp-content\/uploads\/2022\/11\/caixa-comprida-telesc-pica_PDT00247-150x150.webp 150w, https:\/\/www.rajapack.pt\/blog-pt\/wp-content\/uploads\/2022\/11\/caixa-comprida-telesc-pica_PDT00247-225x225.webp 225w, https:\/\/www.rajapack.pt\/blog-pt\/wp-content\/uploads\/2022\/11\/caixa-comprida-telesc-pica_PDT00247-100x100.webp 100w\" sizes=\"(max-width: 410px) 100vw, 410px\" \/><\/a><\/figure>\n<div class=\"wp-block-media-text__content\">\n<p><a href=\"https:\/\/www.rajapack.pt\/caixas-cartao-contentores-caixas-postais\/caixas-cartao-altura-variavel-paletizaveis-especificas\/caixas-cartao-para-produtos-compridos\/caixa-comprida-telescopica_PDT00247.html\">Caixa comprida telesc\u00f3pica<\/a><\/p>\n<p>A tampa telesc\u00f3pica ajusta-se ao comprimento dos produtos.<\/p>\n<\/div>\n<\/div>\n<div class=\"wp-block-media-text alignwide is-stacked-on-mobile\">\n<figure class=\"wp-block-media-text__media\"><img loading=\"lazy\" decoding=\"async\" width=\"410\" height=\"410\" src=\"https:\/\/www.rajapack.pt\/blog-pt\/wp-content\/uploads\/2022\/11\/envelope-almofadado-papel-alveolar-raja_OFF_ES_1452.webp\" alt=\"\" class=\"wp-image-13976 size-full\" srcset=\"https:\/\/www.rajapack.pt\/blog-pt\/wp-content\/uploads\/2022\/11\/envelope-almofadado-papel-alveolar-raja_OFF_ES_1452.webp 410w, https:\/\/www.rajapack.pt\/blog-pt\/wp-content\/uploads\/2022\/11\/envelope-almofadado-papel-alveolar-raja_OFF_ES_1452-300x300.webp 300w, https:\/\/www.rajapack.pt\/blog-pt\/wp-content\/uploads\/2022\/11\/envelope-almofadado-papel-alveolar-raja_OFF_ES_1452-150x150.webp 150w, https:\/\/www.rajapack.pt\/blog-pt\/wp-content\/uploads\/2022\/11\/envelope-almofadado-papel-alveolar-raja_OFF_ES_1452-225x225.webp 225w, https:\/\/www.rajapack.pt\/blog-pt\/wp-content\/uploads\/2022\/11\/envelope-almofadado-papel-alveolar-raja_OFF_ES_1452-100x100.webp 100w\" sizes=\"(max-width: 410px) 100vw, 410px\" \/><\/figure>\n<div class=\"wp-block-media-text__content\">\n<p><strong>Embalagem para uma obra de arte plana<\/strong><\/p>\n<p>Algumas pinturas ou fotografias n\u00e3o podem ser enroladas para envio, mas podem ser enviadas sem moldura. Neste caso, <strong>poder\u00e1 colocar a obra num peda\u00e7o de cart\u00e3o r\u00edgido<\/strong>. De seguida, coloque-o num <a href=\"https:\/\/www.rajapack.pt\/envelopes-tubos-para-envios\/envelopes-almofadados\/envelope-almofadados-papel-alveolar_OFF_ES_1452.html\"><strong>envelope almofadado de papel alveolar<\/strong><\/a> para transport\u00e1-lo com toda a seguran\u00e7a.<\/p>\n<\/p>\n<\/div>\n<\/div>\n<p class=\"has-medium-font-size\"><strong>Transporte de obras de arte: passo a passo para enviar os seus quadros<\/strong><\/p>\n<ol type=\"1\">\n<li>Coloque uma <strong>folha de papel kraft<\/strong> previamente cortada no tamanho desejado numa mesa.<\/li>\n<li>Coloque uma folha de papel de seda em cima do papel kraft.<\/li>\n<li>Coloque o quadro colocando a face vis\u00edvel da tela em contato com o papel de seda. N\u00e3o \u00e9 recomendado tocar a superf\u00edcie com as m\u00e3os desprotegidas: use luvas.<\/li>\n<li>Dobre o papel kraft na parte de tr\u00e1s da placa e prenda-o nas laterais. Se o trabalho tiver vidro, <strong>use cantoneiras<\/strong>.<\/li>\n<li>Coloque uma grande folha de <strong>pl\u00e1stico bolha<\/strong> sobre a mesa.<\/li>\n<li>Vire o lado da tela para cima, dobre e cole com <strong>fita adesiva o pl\u00e1stico bolha<\/strong>.<\/li>\n<li>Use uma <strong>caixa de cart\u00e3o adaptada<\/strong> ao tamanho da obra para refor\u00e7ar a prote\u00e7\u00e3o da moldura. Adicione uma folha de papel\u00e3o na parte inferior e insira o trabalho com a tela voltada para cima.<\/li>\n<li>Coloque uma etiqueta do lado de fora para especificar que o conte\u00fado \u00e9 <strong>fr\u00e1gil<\/strong>.<\/li>\n<\/ol>\n<p class=\"has-medium-font-size\"><strong>Embalar uma escultura<\/strong><\/p>\n<p>Como cada escultura ter\u00e1 dimens\u00f5es e pesos espec\u00edficos, ter\u00e1 de escolher uma <strong>embalagem para o transporte de obras de arte com base nessas caracter\u00edsticas.<\/strong><\/p>\n<ul>\n<li>Recomenda-se o acondicionamento em caixa de madeira que exceda em dimens\u00f5es entre cinco e dez cent\u00edmetros de cada lado da obra.<\/li>\n<li>Embrulhe cuidadosamente o trabalho em pl\u00e1stico bolha e coloque-o na embalagem.<\/li>\n<li>Prenda o item usando acolchoamento resistente a arranh\u00f5es e \u00e0 prova de choque, como placa de espuma ou papel kraft.<\/li>\n<li>\u00c9 aconselh\u00e1vel enviar a obra com tr\u00eas camadas de prote\u00e7\u00e3o para assegurar um envio seguro. O mesmo vale para o envio de livros antigos.<\/li>\n<li>Lembre-se que quanto mais fr\u00e1gil ou cara for a obra de arte, mais cuidados devem ser tomados para que ela n\u00e3o seja danificada durante o transporte.<\/li>\n<\/ul>\n<p>Na loja online RAJA\u00ae encontra tudo o que precisa para acondicionar os artigos mais valiosos. Confira nossa se\u00e7\u00e3o de <a href=\"https:\/\/www.rajapack.pt\/embalagens-enchimento-protecao_C40.html\">enchimento e prote\u00e7\u00e3o de embalagens<\/a> e fa\u00e7a seu pedido em <a href=\"https:\/\/www.rajapack.pt\">rajapack.pt<\/a> ou atrav\u00e9s do 707&nbsp;788 008.<\/p>\n","protected":false},"excerpt":{"rendered":"<p>Transportar uma obra de arte \u00e9 uma grande responsabilidade. Uma pintura ou escultura \u00e9 uma obra \u00fanica, certifique-se de que chega ao seu destino em excelentes condi\u00e7\u00f5es. Esta tarefa representa [&#8230;]<\/p>\n","protected":false},"author":79,"featured_media":14028,"comment_status":"open","ping_status":"open","sticky":false,"template":"","format":"standard","meta":{"_acf_changed":false,"footnotes":""},"categories":[562,556,559],"tags":[],"class_list":["post-13943","post","type-post","status-publish","format-standard","has-post-thumbnail","hentry","category-e-commerce","category-embalagens","category-logistica"],"acf":[],"yoast_head":"\n<title>Como embalar obras de arte para um transporte mais seguro | Rajapack<\/title>\n<meta name=\"robots\" content=\"index, follow, max-snippet:-1, max-image-preview:large, max-video-preview:-1\" \/>\n<link rel=\"canonical\" href=\"https:\/\/www.rajapack.pt\/blog-pt\/pt-default-category\/como-embalar-obras-de-arte-para-um-transporte-mais-seguro\" \/>\n<meta property=\"og:locale\" content=\"pt_PT\" \/>\n<meta property=\"og:type\" content=\"article\" \/>\n<meta property=\"og:title\" content=\"Como embalar obras de arte para um transporte mais seguro | Rajapack\" \/>\n<meta property=\"og:description\" content=\"Transportar uma obra de arte \u00e9 uma grande responsabilidade. Uma pintura ou escultura \u00e9 uma obra \u00fanica, certifique-se de que chega ao seu destino em excelentes condi\u00e7\u00f5es. Esta tarefa representa [...]\" \/>\n<meta property=\"og:url\" content=\"https:\/\/www.rajapack.pt\/blog-pt\/pt-default-category\/como-embalar-obras-de-arte-para-um-transporte-mais-seguro\" \/>\n<meta property=\"og:site_name\" content=\"Tudo para embalagem | Rajapack\" \/>\n<meta property=\"article:published_time\" content=\"2022-12-19T10:11:38+00:00\" \/>\n<meta property=\"article:modified_time\" content=\"2025-06-11T12:58:18+00:00\" \/>\n<meta property=\"og:image\" content=\"https:\/\/www.rajapack.pt\/blog-pt\/wp-content\/uploads\/2022\/12\/Embalagem-para-obras-de-arte.jpg\" \/>\n\t<meta property=\"og:image:width\" content=\"991\" \/>\n\t<meta property=\"og:image:height\" content=\"502\" \/>\n\t<meta property=\"og:image:type\" content=\"image\/jpeg\" \/>\n<meta name=\"author\" content=\"Artur SILVA\" \/>\n<meta name=\"twitter:card\" content=\"summary_large_image\" \/>\n<meta name=\"twitter:label1\" content=\"Escrito por\" \/>\n\t<meta name=\"twitter:data1\" content=\"Artur SILVA\" \/>\n\t<meta name=\"twitter:label2\" content=\"Tempo estimado de leitura\" \/>\n\t<meta name=\"twitter:data2\" content=\"5 minutos\" \/>\n<script type=\"application\/ld+json\" class=\"yoast-schema-graph\">{\n\t    \"@context\": \"https:\/\/schema.org\",\n\t    \"@graph\": [\n\t        {\n\t            \"@type\": \"WebPage\",\n\t            \"@id\": \"https:\/\/www.rajapack.pt\/blog-pt\/pt-default-category\/como-embalar-obras-de-arte-para-um-transporte-mais-seguro\",\n\t            \"url\": \"https:\/\/www.rajapack.pt\/blog-pt\/pt-default-category\/como-embalar-obras-de-arte-para-um-transporte-mais-seguro\",\n\t            \"name\": \"Como embalar obras de arte para um transporte mais seguro | Rajapack\",\n\t            \"isPartOf\": {\n\t                \"@id\": \"https:\/\/www.rajapack.pt\/blog-pt\/#website\"\n\t            },\n\t            \"primaryImageOfPage\": {\n\t                \"@id\": \"https:\/\/www.rajapack.pt\/blog-pt\/pt-default-category\/como-embalar-obras-de-arte-para-um-transporte-mais-seguro#primaryimage\"\n\t            },\n\t            \"image\": {\n\t                \"@id\": \"https:\/\/www.rajapack.pt\/blog-pt\/pt-default-category\/como-embalar-obras-de-arte-para-um-transporte-mais-seguro#primaryimage\"\n\t            },\n\t            \"thumbnailUrl\": \"https:\/\/www.rajapack.pt\/blog-pt\/wp-content\/uploads\/2022\/12\/Embalagem-para-obras-de-arte.jpg\",\n\t            \"datePublished\": \"2022-12-19T10:11:38+00:00\",\n\t            \"dateModified\": \"2025-06-11T12:58:18+00:00\",\n\t            \"author\": {\n\t                \"@id\": \"https:\/\/www.rajapack.pt\/blog-pt\/#\/schema\/person\/df462f28a2c85574b59591ba9eebc6a3\"\n\t            },\n\t            \"inLanguage\": \"pt-PT\",\n\t            \"potentialAction\": [\n\t                {\n\t                    \"@type\": \"ReadAction\",\n\t                    \"target\": [\n\t                        \"https:\/\/www.rajapack.pt\/blog-pt\/pt-default-category\/como-embalar-obras-de-arte-para-um-transporte-mais-seguro\"\n\t                    ]\n\t                }\n\t            ]\n\t        },\n\t        {\n\t            \"@type\": \"ImageObject\",\n\t            \"inLanguage\": \"pt-PT\",\n\t            \"@id\": \"https:\/\/www.rajapack.pt\/blog-pt\/pt-default-category\/como-embalar-obras-de-arte-para-um-transporte-mais-seguro#primaryimage\",\n\t            \"url\": \"https:\/\/www.rajapack.pt\/blog-pt\/wp-content\/uploads\/2022\/12\/Embalagem-para-obras-de-arte.jpg\",\n\t            \"contentUrl\": \"https:\/\/www.rajapack.pt\/blog-pt\/wp-content\/uploads\/2022\/12\/Embalagem-para-obras-de-arte.jpg\",\n\t            \"width\": 991,\n\t            \"height\": 502\n\t        },\n\t        {\n\t            \"@type\": \"WebSite\",\n\t            \"@id\": \"https:\/\/www.rajapack.pt\/blog-pt\/#website\",\n\t            \"url\": \"https:\/\/www.rajapack.pt\/blog-pt\/\",\n\t            \"name\": \"Tudo para embalagem | Rajapack\",\n\t            \"description\": \"O seu blog para Embalagens, Log\u00edstica e muito mais\",\n\t            \"potentialAction\": [\n\t                {\n\t                    \"@type\": \"SearchAction\",\n\t                    \"target\": {\n\t                        \"@type\": \"EntryPoint\",\n\t                        \"urlTemplate\": \"https:\/\/www.rajapack.pt\/blog-pt\/?s={search_term_string}\"\n\t                    },\n\t                    \"query-input\": \"required name=search_term_string\"\n\t                }\n\t            ],\n\t            \"inLanguage\": \"pt-PT\"\n\t        },\n\t        {\n\t            \"@type\": \"Person\",\n\t            \"@id\": \"https:\/\/www.rajapack.pt\/blog-pt\/#\/schema\/person\/df462f28a2c85574b59591ba9eebc6a3\",\n\t            \"name\": \"Artur SILVA\",\n\t            \"image\": {\n\t                \"@type\": \"ImageObject\",\n\t                \"inLanguage\": \"pt-PT\",\n\t                \"@id\": \"https:\/\/www.rajapack.pt\/blog-pt\/#\/schema\/person\/image\/\",\n\t                \"url\": \"https:\/\/secure.gravatar.com\/avatar\/a8064c2c43611a0253a12dd4e2cebb25?s=96&d=mm&r=g\",\n\t                \"contentUrl\": \"https:\/\/secure.gravatar.com\/avatar\/a8064c2c43611a0253a12dd4e2cebb25?s=96&d=mm&r=g\",\n\t                \"caption\": \"Artur SILVA\"\n\t            },\n\t            \"description\": \"RAJAPACK PT\",\n\t            \"url\": \"https:\/\/www.rajapack.pt\/blog-pt\/author\/asilvarajapack-pt\"\n\t        }\n\t    ]\n\t}<\/script>\n","yoast_head_json":{"title":"Como embalar obras de arte para um transporte mais seguro | Rajapack","robots":{"index":"index","follow":"follow","max-snippet":"max-snippet:-1","max-image-preview":"max-image-preview:large","max-video-preview":"max-video-preview:-1"},"canonical":"https:\/\/www.rajapack.pt\/blog-pt\/pt-default-category\/como-embalar-obras-de-arte-para-um-transporte-mais-seguro","og_locale":"pt_PT","og_type":"article","og_title":"Como embalar obras de arte para um transporte mais seguro | Rajapack","og_description":"Transportar uma obra de arte \u00e9 uma grande responsabilidade. Uma pintura ou escultura \u00e9 uma obra \u00fanica, certifique-se de que chega ao seu destino em excelentes condi\u00e7\u00f5es. Esta tarefa representa [...]","og_url":"https:\/\/www.rajapack.pt\/blog-pt\/pt-default-category\/como-embalar-obras-de-arte-para-um-transporte-mais-seguro","og_site_name":"Tudo para embalagem | Rajapack","article_published_time":"2022-12-19T10:11:38+00:00","article_modified_time":"2025-06-11T12:58:18+00:00","og_image":[{"width":991,"height":502,"url":"https:\/\/www.rajapack.pt\/blog-pt\/wp-content\/uploads\/2022\/12\/Embalagem-para-obras-de-arte.jpg","type":"image\/jpeg"}],"author":"Artur SILVA","twitter_card":"summary_large_image","twitter_misc":{"Escrito por":"Artur SILVA","Tempo estimado de leitura":"5 minutos"},"schema":{"@context":"https:\/\/schema.org","@graph":[{"@type":"WebPage","@id":"https:\/\/www.rajapack.pt\/blog-pt\/pt-default-category\/como-embalar-obras-de-arte-para-um-transporte-mais-seguro","url":"https:\/\/www.rajapack.pt\/blog-pt\/pt-default-category\/como-embalar-obras-de-arte-para-um-transporte-mais-seguro","name":"Como embalar obras de arte para um transporte mais seguro | Rajapack","isPartOf":{"@id":"https:\/\/www.rajapack.pt\/blog-pt\/#website"},"primaryImageOfPage":{"@id":"https:\/\/www.rajapack.pt\/blog-pt\/pt-default-category\/como-embalar-obras-de-arte-para-um-transporte-mais-seguro#primaryimage"},"image":{"@id":"https:\/\/www.rajapack.pt\/blog-pt\/pt-default-category\/como-embalar-obras-de-arte-para-um-transporte-mais-seguro#primaryimage"},"thumbnailUrl":"https:\/\/www.rajapack.pt\/blog-pt\/wp-content\/uploads\/2022\/12\/Embalagem-para-obras-de-arte.jpg","datePublished":"2022-12-19T10:11:38+00:00","dateModified":"2025-06-11T12:58:18+00:00","author":{"@id":"https:\/\/www.rajapack.pt\/blog-pt\/#\/schema\/person\/df462f28a2c85574b59591ba9eebc6a3"},"inLanguage":"pt-PT","potentialAction":[{"@type":"ReadAction","target":["https:\/\/www.rajapack.pt\/blog-pt\/pt-default-category\/como-embalar-obras-de-arte-para-um-transporte-mais-seguro"]}]},{"@type":"ImageObject","inLanguage":"pt-PT","@id":"https:\/\/www.rajapack.pt\/blog-pt\/pt-default-category\/como-embalar-obras-de-arte-para-um-transporte-mais-seguro#primaryimage","url":"https:\/\/www.rajapack.pt\/blog-pt\/wp-content\/uploads\/2022\/12\/Embalagem-para-obras-de-arte.jpg","contentUrl":"https:\/\/www.rajapack.pt\/blog-pt\/wp-content\/uploads\/2022\/12\/Embalagem-para-obras-de-arte.jpg","width":991,"height":502},{"@type":"WebSite","@id":"https:\/\/www.rajapack.pt\/blog-pt\/#website","url":"https:\/\/www.rajapack.pt\/blog-pt\/","name":"Tudo para embalagem | Rajapack","description":"O seu blog para Embalagens, Log\u00edstica e muito mais","potentialAction":[{"@type":"SearchAction","target":{"@type":"EntryPoint","urlTemplate":"https:\/\/www.rajapack.pt\/blog-pt\/?s={search_term_string}"},"query-input":"required name=search_term_string"}],"inLanguage":"pt-PT"},{"@type":"Person","@id":"https:\/\/www.rajapack.pt\/blog-pt\/#\/schema\/person\/df462f28a2c85574b59591ba9eebc6a3","name":"Artur SILVA","image":{"@type":"ImageObject","inLanguage":"pt-PT","@id":"https:\/\/www.rajapack.pt\/blog-pt\/#\/schema\/person\/image\/","url":"https:\/\/secure.gravatar.com\/avatar\/a8064c2c43611a0253a12dd4e2cebb25?s=96&d=mm&r=g","contentUrl":"https:\/\/secure.gravatar.com\/avatar\/a8064c2c43611a0253a12dd4e2cebb25?s=96&d=mm&r=g","caption":"Artur SILVA"},"description":"RAJAPACK PT","url":"https:\/\/www.rajapack.pt\/blog-pt\/author\/asilvarajapack-pt"}]}},"_links":{"self":[{"href":"https:\/\/www.rajapack.pt\/blog-pt\/wp-json\/wp\/v2\/posts\/13943"}],"collection":[{"href":"https:\/\/www.rajapack.pt\/blog-pt\/wp-json\/wp\/v2\/posts"}],"about":[{"href":"https:\/\/www.rajapack.pt\/blog-pt\/wp-json\/wp\/v2\/types\/post"}],"author":[{"embeddable":true,"href":"https:\/\/www.rajapack.pt\/blog-pt\/wp-json\/wp\/v2\/users\/79"}],"replies":[{"embeddable":true,"href":"https:\/\/www.rajapack.pt\/blog-pt\/wp-json\/wp\/v2\/comments?post=13943"}],"version-history":[{"count":2,"href":"https:\/\/www.rajapack.pt\/blog-pt\/wp-json\/wp\/v2\/posts\/13943\/revisions"}],"predecessor-version":[{"id":15001,"href":"https:\/\/www.rajapack.pt\/blog-pt\/wp-json\/wp\/v2\/posts\/13943\/revisions\/15001"}],"wp:featuredmedia":[{"embeddable":true,"href":"https:\/\/www.rajapack.pt\/blog-pt\/wp-json\/wp\/v2\/media\/14028"}],"wp:attachment":[{"href":"https:\/\/www.rajapack.pt\/blog-pt\/wp-json\/wp\/v2\/media?parent=13943"}],"wp:term":[{"taxonomy":"category","embeddable":true,"href":"https:\/\/www.rajapack.pt\/blog-pt\/wp-json\/wp\/v2\/categories?post=13943"},{"taxonomy":"post_tag","embeddable":true,"href":"https:\/\/www.rajapack.pt\/blog-pt\/wp-json\/wp\/v2\/tags?post=13943"}],"curies":[{"name":"wp","href":"https:\/\/api.w.org\/{rel}","templated":true}]}}